{"id":79,"date":"2015-11-09T18:48:01","date_gmt":"2015-11-09T18:48:01","guid":{"rendered":"http:\/\/blog.espol.edu.ec\/giscacri\/?p=79"},"modified":"2015-11-09T19:10:21","modified_gmt":"2015-11-09T19:10:21","slug":"karen-aguilar-beltran-reina-de-las-parroquias-2015","status":"publish","type":"post","link":"https:\/\/blog.espol.edu.ec\/giscacri\/2015\/11\/09\/karen-aguilar-beltran-reina-de-las-parroquias-2015\/","title":{"rendered":"Karen Aguilar Beltr\u00e1n Reina de las Parroquias 2015"},"content":{"rendered":"<p><a href=\"http:\/\/blog.espol.edu.ec\/giscacri\/files\/2015\/11\/bf06547c0b3c48f5c9a379abc04939dd.jpg\"><img loading=\"lazy\" decoding=\"async\" class=\"size-full wp-image-93 alignleft\" src=\"http:\/\/blog.espol.edu.ec\/giscacri\/files\/2015\/11\/bf06547c0b3c48f5c9a379abc04939dd.jpg\" alt=\"bf06547c0b3c48f5c9a379abc04939dd\" width=\"87\" height=\"116\" \/><\/a>El Comit\u00e9 Ejecutivo de Fiestas del Gobierno Municipal de Pi\u00f1as que preside el Sr. Jaime Granda Romero, el s\u00e1bado 24 de octubre en honor a las Bodas de Brillante del cant\u00f3n, present\u00f3 el certamen galante \u201cReina de las Parroquias 2015\u201d, con la participaci\u00f3n de 6 hermosas candidatas que representaron la belleza de la mujer de la campi\u00f1a pi\u00f1asiense, resultando triunfadora la Srta. Karen Aguilar Beltr\u00e1n de la parroquia Capiro.<\/p>\n<p>Siendo las 20h00 en punto inici\u00f3 el evento como Maestro de Ceremonia Lenin D\u00edaz Ramos y co-animadora Deisy Castillo Y\u00e1nez, ofrecieron la bienvenida a las reinas invitadas, autoridades locales, provinciales y nacionales; la apertura del acto estuvo a cargo de la Ing. Diana Camino Ram\u00edrez \u2013 Vicealcaldesa del cant\u00f3n.<!--more--><\/p>\n<p>La primera aparici\u00f3n en escenario de las seis hermosas candidatas se realiz\u00f3 con el opening del evento, las beldades participantes se presentaron en traje de coreograf\u00eda, acompa\u00f1adas del grupo de baile del core\u00f3grafo Santiago Zumba, en tanto, tras escenario, manten\u00edan una reuni\u00f3n los representantes de las candidatas para designar el jurado calificador de entre el p\u00fablico asistente, quedando integrado de la siguiente manera:<\/p>\n<p><strong>Jurado 1: <\/strong>Tnte. Crnel. Luis Villarroel \u2013 Delegado del Comandante del Grupo de Caballer\u00eda Blindada Nro. 4 Febres Cordero\u00a0\u00a0 de la Avanzada,<\/p>\n<p><strong>Jurado 2: <\/strong>Srta. Nicole Granda Ordo\u00f1ez \u2013 Reina de APROPLASMIN<\/p>\n<p><strong>Jurado 3: <\/strong>Sra. Ver\u00f3nica Villa \u2013 Delegada del Econ. Esteban Quirola Bustos \u2013 Prefecto de la provincia de El Oro.<\/p>\n<p><strong>Escrutadora: <\/strong>Dra. Glenda Romero Ulloa \u2013 Notaria Segunda del cant\u00f3n Pi\u00f1as<\/p>\n<p>La parte art\u00edstica fue matizada por el Tr\u00edo pi\u00f1asiense \u201cMadera Fina\u201d con aquellas canciones de g\u00e9nero nacional; as\u00ed mismo, la presentaci\u00f3n de Azucena Aymara y su hijo Marlon Juli\u00e1n que prendieron al p\u00fablico con su excelente interpretaci\u00f3n musical; y, directamente desde Ambato, el Grupo \u201cLos B\u00facaros\u201d con lo mejor de la m\u00fasica del recuerdo.<\/p>\n<p>La segunda aparici\u00f3n de las hermosas candidatas se cumpli\u00f3 con el traje t\u00edpico, mismos que representaban la productividad, turismo, deporte, religi\u00f3n y otros aspectos propios de nuestra regi\u00f3n rural, siendo electo como mejor traje t\u00edpico, el de la representante de la parroquia La Bocana, Mary Deyanira Loayza Freire, a quien se le entreg\u00f3 una placa, \u00a0banda y premio econ\u00f3mico, en lo que particip\u00f3 el Tente, Crnel Luis Villarroel del Grupo de Caballer\u00eda \u201cFebres Cordero\u201d.<\/p>\n<p>La \u00faltima presentaci\u00f3n de las beldades de la campi\u00f1a pi\u00f1asiense se efectu\u00f3 en Traje de Noche, desfilando deslumbrantes, con sus vestidos muy bien adornados y tonalidades que entallaban sus esculturales figuras, marcando la diferencia en cada dise\u00f1o que lucieron; as\u00ed mismo, cada una de ellas expresaron su mensaje alusivo a la fecha de conmemoraci\u00f3n de aniversario,\u00a0 recibiendo el respeto y aplausos del p\u00fablico presente, luego de lo cual el jurado calificador dio su veredicto:<\/p>\n<p><strong>Se\u00f1orita Amistad: <\/strong>que fue designada entre las mismas candidatas por votaci\u00f3n secreta, dos d\u00edas antes en el desarrollo del c\u00f3ctel, Mar\u00eda Cristina Romero Rodr\u00edguez \u2013 Parroquia Saracay<\/p>\n<p><strong>Se\u00f1orita Fotogenia: <\/strong>Designada la misma noche por los fot\u00f3grafos asistentes al evento, \u00a0Karen Sthefania Aguilar Beltr\u00e1n \u2013 Parroquia Capiro<\/p>\n<p><strong>Se\u00f1orita Orqu\u00eddea: <\/strong>Leonela Mishel Mocha Ram\u00edrez \u2013 Parroquia San Roque<\/p>\n<p><strong>Se\u00f1orita Orqu\u00eddea: <\/strong>Mar\u00eda Cristina Romero Rodr\u00edguez \u2013 Parroquia Saracay<\/p>\n<p><strong>Se\u00f1orita Orqu\u00eddea: <\/strong>Mary Deyanira Loayza Freire \u2013 Parroquia La Bocana<\/p>\n<p><strong>Se\u00f1orita Orqu\u00eddea:<\/strong>Jessica Fernanda Galv\u00e1n Astudillo \u2013 Parroquia Moromoro<\/p>\n<p><strong>Virreina de las Parroquias: <\/strong>Paulina Karlita Aguilar Feij\u00f3o \u2013 Parroquia Piedras<\/p>\n<p><strong>Reina de las Parroquias:<\/strong>Karen Sthefania Aguilar Beltr\u00e1n \u2013 Parroquia Capiro<\/p>\n<p>Teniendo la participaci\u00f3n de los Presidentes de los Gobiernos Parroquiales en la entrega de reconocimientos y ci\u00f1endo las bandas a las dignidades de Se\u00f1orita Amistad, Fotogenia y Orqu\u00eddeas; a\u00a0 la Virreina se le entreg\u00f3 una placa actuando el Suboficial de Polic\u00eda encargado del Distrito Pi\u00f1as, una hermosa joya y ci\u00f1\u00f3 la banda la Ing. Diana Camino Ram\u00edrez \u2013 Vicealcaldesa, cuya coronaci\u00f3n fue por parte de Heidy G\u00e1lvez \u2013 Virreina Saliente.\u00a0 A la Reina se procedi\u00f3 a la entrega de una placa en lo que particip\u00f3 la vicealcaldes de Marcabel\u00ed, una hermosa Joya, dos membrec\u00edas de las est\u00e9ticas Matis y Kineret, ci\u00f1endo la banda el Sr. Jaime Granda Romero \u2013Alcalde, en tanto que la coronaci\u00f3n la realiz\u00f3 la reina saliente Jenifer Gallardo.<\/p>\n<p>Este es uno de los eventos que est\u00e1 bajo la responsabilidad del Gobierno Municipal de Pi\u00f1as, que se desarroll\u00f3 con total \u00e9xito, esperando que nos acompa\u00f1en en los pr\u00f3ximos eventos organizados por las festividades de Pi\u00f1as; de igual manera, agradecemos a los GAD Parroquiales, empresas, personas e instituciones que colaboraron para la feliz realizaci\u00f3n de este acto.<\/p>\n<p>&nbsp;<\/p>\n","protected":false},"excerpt":{"rendered":"<p>El Comit\u00e9 Ejecutivo de Fiestas del Gobierno Municipal de Pi\u00f1as que preside el Sr. Jaime Granda Romero, el s\u00e1bado 24 de octubre en honor a las Bodas de Brillante del cant\u00f3n, present\u00f3 el certamen galante \u201cReina de las Parroquias 2015\u201d, con la participaci\u00f3n de 6 hermosas candidatas que representaron la belleza de la mujer de &hellip; <\/p>\n<p><a class=\"more-link btn\" href=\"https:\/\/blog.espol.edu.ec\/giscacri\/2015\/11\/09\/karen-aguilar-beltran-reina-de-las-parroquias-2015\/\">Seguir leyendo<\/a><\/p>\n","protected":false},"author":9958,"featured_media":0,"comment_status":"open","ping_status":"open","sticky":false,"template":"","format":"standard","meta":{"footnotes":""},"categories":[818],"tags":[],"class_list":["post-79","post","type-post","status-publish","format-standard","hentry","category-sin-categoria","nodate","item-wrap"],"_links":{"self":[{"href":"https:\/\/blog.espol.edu.ec\/giscacri\/wp-json\/wp\/v2\/posts\/79","targetHints":{"allow":["GET"]}}],"collection":[{"href":"https:\/\/blog.espol.edu.ec\/giscacri\/wp-json\/wp\/v2\/posts"}],"about":[{"href":"https:\/\/blog.espol.edu.ec\/giscacri\/wp-json\/wp\/v2\/types\/post"}],"author":[{"embeddable":true,"href":"https:\/\/blog.espol.edu.ec\/giscacri\/wp-json\/wp\/v2\/users\/9958"}],"replies":[{"embeddable":true,"href":"https:\/\/blog.espol.edu.ec\/giscacri\/wp-json\/wp\/v2\/comments?post=79"}],"version-history":[{"count":3,"href":"https:\/\/blog.espol.edu.ec\/giscacri\/wp-json\/wp\/v2\/posts\/79\/revisions"}],"predecessor-version":[{"id":94,"href":"https:\/\/blog.espol.edu.ec\/giscacri\/wp-json\/wp\/v2\/posts\/79\/revisions\/94"}],"wp:attachment":[{"href":"https:\/\/blog.espol.edu.ec\/giscacri\/wp-json\/wp\/v2\/media?parent=79"}],"wp:term":[{"taxonomy":"category","embeddable":true,"href":"https:\/\/blog.espol.edu.ec\/giscacri\/wp-json\/wp\/v2\/categories?post=79"},{"taxonomy":"post_tag","embeddable":true,"href":"https:\/\/blog.espol.edu.ec\/giscacri\/wp-json\/wp\/v2\/tags?post=79"}],"curies":[{"name":"wp","href":"https:\/\/api.w.org\/{rel}","templated":true}]}}