{"id":81,"date":"2015-11-09T18:49:05","date_gmt":"2015-11-09T18:49:05","guid":{"rendered":"http:\/\/blog.espol.edu.ec\/giscacri\/?p=81"},"modified":"2015-11-09T19:05:19","modified_gmt":"2015-11-09T19:05:19","slug":"feria-cantonal-de-orquideas","status":"publish","type":"post","link":"https:\/\/blog.espol.edu.ec\/giscacri\/2015\/11\/09\/feria-cantonal-de-orquideas\/","title":{"rendered":"FERIA CANTONAL DE ORQUIDEAS"},"content":{"rendered":"<p><a href=\"http:\/\/blog.espol.edu.ec\/giscacri\/files\/2015\/11\/wpid-una-orquidea-con-encanto-cymbidium.jpg\"><img loading=\"lazy\" decoding=\"async\" class=\"size-medium wp-image-25 alignleft\" src=\"http:\/\/blog.espol.edu.ec\/giscacri\/files\/2015\/11\/wpid-una-orquidea-con-encanto-cymbidium-300x226.jpg\" alt=\"wpid-una-orquidea-con-encanto-cymbidium\" width=\"300\" height=\"226\" srcset=\"https:\/\/blog.espol.edu.ec\/giscacri\/files\/2015\/11\/wpid-una-orquidea-con-encanto-cymbidium-300x226.jpg 300w, https:\/\/blog.espol.edu.ec\/giscacri\/files\/2015\/11\/wpid-una-orquidea-con-encanto-cymbidium.jpg 550w\" sizes=\"auto, (max-width: 300px) 100vw, 300px\" \/><\/a><\/p>\n<p>El Gobierno Municipal en honor a las Bodas de Brillante de nuestra Orqu\u00eddea de Los Andes, <strong>INIVITA <\/strong>al culto pueblo de Pi\u00f1as, a estudiantes, maestros\u00a0 y ciudadan\u00eda\u00a0 en general, a visitar la <strong>PRIMERA FERIA CANTONAL DE ORQUIDEAS <\/strong>que cuenta con 10 expositores, stands y conferencias sobre la Familia Orchidaceae y su conservaci\u00f3n<\/p>\n<p>Evento que se lleva a cabo los d\u00edas\u00a0 jueves 29 y viernes 30 de octubre del presente a\u00f1o, en el Orquideario Municipal ubicado en la calle Bol\u00edvar Madero y Gonz\u00e1lez Su\u00e1rez de la Ciudadela 28 de Mayo, desde las 09h00 hasta 17h00.<\/p>\n<p>&nbsp;<\/p>\n","protected":false},"excerpt":{"rendered":"<p>El Gobierno Municipal en honor a las Bodas de Brillante de nuestra Orqu\u00eddea de Los Andes, INIVITA al culto pueblo de Pi\u00f1as, a estudiantes, maestros\u00a0 y ciudadan\u00eda\u00a0 en general, a visitar la PRIMERA FERIA CANTONAL DE ORQUIDEAS que cuenta con 10 expositores, stands y conferencias sobre la Familia Orchidaceae y su conservaci\u00f3n Evento que se &hellip; <\/p>\n<p><a class=\"more-link btn\" href=\"https:\/\/blog.espol.edu.ec\/giscacri\/2015\/11\/09\/feria-cantonal-de-orquideas\/\">Seguir leyendo<\/a><\/p>\n","protected":false},"author":9958,"featured_media":0,"comment_status":"open","ping_status":"open","sticky":false,"template":"","format":"standard","meta":{"footnotes":""},"categories":[818],"tags":[],"class_list":["post-81","post","type-post","status-publish","format-standard","hentry","category-sin-categoria","nodate","item-wrap"],"_links":{"self":[{"href":"https:\/\/blog.espol.edu.ec\/giscacri\/wp-json\/wp\/v2\/posts\/81","targetHints":{"allow":["GET"]}}],"collection":[{"href":"https:\/\/blog.espol.edu.ec\/giscacri\/wp-json\/wp\/v2\/posts"}],"about":[{"href":"https:\/\/blog.espol.edu.ec\/giscacri\/wp-json\/wp\/v2\/types\/post"}],"author":[{"embeddable":true,"href":"https:\/\/blog.espol.edu.ec\/giscacri\/wp-json\/wp\/v2\/users\/9958"}],"replies":[{"embeddable":true,"href":"https:\/\/blog.espol.edu.ec\/giscacri\/wp-json\/wp\/v2\/comments?post=81"}],"version-history":[{"count":2,"href":"https:\/\/blog.espol.edu.ec\/giscacri\/wp-json\/wp\/v2\/posts\/81\/revisions"}],"predecessor-version":[{"id":91,"href":"https:\/\/blog.espol.edu.ec\/giscacri\/wp-json\/wp\/v2\/posts\/81\/revisions\/91"}],"wp:attachment":[{"href":"https:\/\/blog.espol.edu.ec\/giscacri\/wp-json\/wp\/v2\/media?parent=81"}],"wp:term":[{"taxonomy":"category","embeddable":true,"href":"https:\/\/blog.espol.edu.ec\/giscacri\/wp-json\/wp\/v2\/categories?post=81"},{"taxonomy":"post_tag","embeddable":true,"href":"https:\/\/blog.espol.edu.ec\/giscacri\/wp-json\/wp\/v2\/tags?post=81"}],"curies":[{"name":"wp","href":"https:\/\/api.w.org\/{rel}","templated":true}]}}