{"id":16,"date":"2011-10-23T21:59:32","date_gmt":"2011-10-23T21:59:32","guid":{"rendered":"http:\/\/blog.espol.edu.ec\/glimones\/?p=16"},"modified":"2011-10-25T01:24:41","modified_gmt":"2011-10-25T01:24:41","slug":"ulices-morena","status":"publish","type":"post","link":"https:\/\/blog.espol.edu.ec\/glimones\/2011\/10\/23\/ulices-morena\/","title":{"rendered":"Ulices Due\u00f1as"},"content":{"rendered":"<p><a href=\"http:\/\/blog.espol.edu.ec\/glimones\/files\/2011\/10\/215283_10150221377723383_572673382_8502573_5806467_n.jpg\"><img loading=\"lazy\" decoding=\"async\" class=\"size-full wp-image-17 alignright\" title=\"215283_10150221377723383_572673382_8502573_5806467_n\" src=\"http:\/\/blog.espol.edu.ec\/glimones\/files\/2011\/10\/215283_10150221377723383_572673382_8502573_5806467_n.jpg\" alt=\"\" width=\"218\" height=\"302\" \/><\/a> Bueno amigos\u00a0 m\u00edos estos dos\u00a0 hombres que\u00a0 ven son mi abuelo Mariano Limones y un t\u00edo de mi abuelita Serv\u00eda Ponce su nombre es Ulises Due\u00f1as<\/p>\n<p>Ulises Due\u00f1as\u00a0 naci\u00f3 en 12 de marzo 1890 quedo hu\u00e9rfano de padre, el cual\u00a0 murio por una mordida de culebra quedando con su madre, tuvo que dejar sus estudios para\u00a0 ayudar econ\u00f3micamente en el hogar, sal\u00eda a trabajar a las 5 de la ma\u00f1ana para regresar a las 7 u 8 de la noche el pobre tuvo una vida muy dura teniendo que dejar su ni\u00f1ez, sus estudios y sus sue\u00f1os para poder llevar algo de alimento a su casa.<\/p>\n<p>Cuando cumpli\u00f3 los 15 a\u00f1os se fue del pueblito donde resid\u00eda, para irse vivir en los Cerritos a la casa de su prima materna,\u00a0 Jorgelina Ure\u00f1a , retomo sus estudios pero solo termino la primaria.<\/p>\n<p>Ya a los 20 a\u00f1os cuenta que a las 4 de la ma\u00f1ana\u00a0 Francisco el t\u00edo de Ulises los despert\u00f3 a \u00e9l y a sus 2 primos, porque ven\u00edan unos hombres en caballos, los cuales e<a href=\"http:\/\/blog.espol.edu.ec\/glimones\/files\/2011\/10\/4565.jpg\"><img loading=\"lazy\" decoding=\"async\" class=\"alignleft size-medium wp-image-25\" title=\"4565\" src=\"http:\/\/blog.espol.edu.ec\/glimones\/files\/2011\/10\/4565-290x300.jpg\" alt=\"\" width=\"217\" height=\"223\" srcset=\"https:\/\/blog.espol.edu.ec\/glimones\/files\/2011\/10\/4565-290x300.jpg 290w, https:\/\/blog.espol.edu.ec\/glimones\/files\/2011\/10\/4565.jpg 621w\" sizes=\"auto, (max-width: 217px) 100vw, 217px\" \/><\/a>staban reclutando a j\u00f3venes para llevarlos a la revoluci\u00f3n , les dijo que se fueran a las colinas que se escondieran en los bosques y que no regresen hasta el otro d\u00eda, para que no se los llevaran\u00a0 cogieron algo de alimento y se fueron para las colinas, ah\u00ed permanecieron un d\u00eda completo despu\u00e9s a las 7 de la noche regresaron su t\u00edo les conto que muchos de sus amigos se los hab\u00edan llevado y ellos no fueron los \u00fanicos que se escaparon tuvieron suerte al no encontrarlos porque esos hombre se hab\u00edan metido en los montes a buscar a los que se hab\u00edan escondido y matado a los que trataban de huir.<\/p>\n<p>A la edad de 22 a\u00f1os se comprmete con una joven de un\u00a0 pueblo cercano y tuvo\u00a0 un hijo , quedando viudo a\u00a0 los dos a\u00f1os y dejo a su hijo con la familia de su mujer t se fue a otros lugares a trabajar\u00a0 y derepente iva a visirar a su peque\u00f1o hijo .<\/p>\n<p>Luego de unos a\u00f1os se vuelve a comprometery tuvo un hijo llamado Segundo su esposa lo dejo a \u00e9l con su hijo, el t\u00edo Ulises no se pod\u00eda hacer cargo de la criatura decidi\u00f3 d\u00e1rselo a u<a href=\"http:\/\/blog.espol.edu.ec\/glimones\/files\/2011\/10\/67464.jpg\"><img loading=\"lazy\" decoding=\"async\" class=\"size-medium wp-image-24 alignright\" title=\"67464\" src=\"http:\/\/blog.espol.edu.ec\/glimones\/files\/2011\/10\/67464-287x300.jpg\" alt=\"\" width=\"230\" height=\"240\" srcset=\"https:\/\/blog.espol.edu.ec\/glimones\/files\/2011\/10\/67464-287x300.jpg 287w, https:\/\/blog.espol.edu.ec\/glimones\/files\/2011\/10\/67464.jpg 599w\" sizes=\"auto, (max-width: 230px) 100vw, 230px\" \/><\/a>na prima Beatriz la cual no pod\u00eda tener hijos \u00a0y ella prometi\u00f3 cuidarlo como si fuera de ella y su\u00a0 esposo tambi\u00e9n estuvo mu y feliz al recibir a la criatura.<\/p>\n<p>Ya cuando Segundo creci\u00f3 estudio arquitecturay nunca mas volvio a ver a su padre.<\/p>\n<p>El tio Ulises vivio el resto de su vida en casa de su prima Jorgelina trabajando en el campo hasta cuando tuvo 86 a\u00f1os que se sintio enfermo y decidio irse a pasar sus ultimos dias a casa de su primer hijo donde fallecio a la edad de 90 a\u00f1os en 1980.<\/p>\n","protected":false},"excerpt":{"rendered":"<p>Bueno amigos\u00a0 m\u00edos estos dos\u00a0 hombres que\u00a0 ven son mi abuelo Mariano Limones y un t\u00edo de mi abuelita Serv\u00eda Ponce su nombre es Ulises Due\u00f1as Ulises Due\u00f1as\u00a0 naci\u00f3 en 12 de marzo 1890 quedo hu\u00e9rfano de padre, el cual\u00a0 murio por una mordida de culebra quedando con su madre, tuvo que dejar sus estudios [&hellip;]<\/p>\n","protected":false},"author":6913,"featured_media":0,"comment_status":"open","ping_status":"open","sticky":false,"template":"","format":"standard","meta":{"footnotes":""},"categories":[1],"tags":[],"class_list":["post-16","post","type-post","status-publish","format-standard","hentry","category-uncategorized"],"_links":{"self":[{"href":"https:\/\/blog.espol.edu.ec\/glimones\/wp-json\/wp\/v2\/posts\/16","targetHints":{"allow":["GET"]}}],"collection":[{"href":"https:\/\/blog.espol.edu.ec\/glimones\/wp-json\/wp\/v2\/posts"}],"about":[{"href":"https:\/\/blog.espol.edu.ec\/glimones\/wp-json\/wp\/v2\/types\/post"}],"author":[{"embeddable":true,"href":"https:\/\/blog.espol.edu.ec\/glimones\/wp-json\/wp\/v2\/users\/6913"}],"replies":[{"embeddable":true,"href":"https:\/\/blog.espol.edu.ec\/glimones\/wp-json\/wp\/v2\/comments?post=16"}],"version-history":[{"count":11,"href":"https:\/\/blog.espol.edu.ec\/glimones\/wp-json\/wp\/v2\/posts\/16\/revisions"}],"predecessor-version":[{"id":19,"href":"https:\/\/blog.espol.edu.ec\/glimones\/wp-json\/wp\/v2\/posts\/16\/revisions\/19"}],"wp:attachment":[{"href":"https:\/\/blog.espol.edu.ec\/glimones\/wp-json\/wp\/v2\/media?parent=16"}],"wp:term":[{"taxonomy":"category","embeddable":true,"href":"https:\/\/blog.espol.edu.ec\/glimones\/wp-json\/wp\/v2\/categories?post=16"},{"taxonomy":"post_tag","embeddable":true,"href":"https:\/\/blog.espol.edu.ec\/glimones\/wp-json\/wp\/v2\/tags?post=16"}],"curies":[{"name":"wp","href":"https:\/\/api.w.org\/{rel}","templated":true}]}}