{"id":30,"date":"2011-10-24T22:51:53","date_gmt":"2011-10-24T22:51:53","guid":{"rendered":"http:\/\/blog.espol.edu.ec\/glimones\/?p=30"},"modified":"2011-10-31T23:49:28","modified_gmt":"2011-10-31T23:49:28","slug":"mama-luz","status":"publish","type":"post","link":"https:\/\/blog.espol.edu.ec\/glimones\/2011\/10\/24\/mama-luz\/","title":{"rendered":"Mam\u00e1 Luz"},"content":{"rendered":"<p><a href=\"http:\/\/blog.espol.edu.ec\/glimones\/files\/2011\/10\/Dibujo-copia.jpg\"><img loading=\"lazy\" decoding=\"async\" class=\"alignright size-medium wp-image-58\" title=\"Dibujo copia\" src=\"http:\/\/blog.espol.edu.ec\/glimones\/files\/2011\/10\/Dibujo-copia-210x300.jpg\" alt=\"\" width=\"210\" height=\"300\" srcset=\"https:\/\/blog.espol.edu.ec\/glimones\/files\/2011\/10\/Dibujo-copia-210x300.jpg 210w, https:\/\/blog.espol.edu.ec\/glimones\/files\/2011\/10\/Dibujo-copia.jpg 661w\" sizes=\"auto, (max-width: 210px) 100vw, 210px\" \/><\/a>Mar\u00eda Luz Vallejo o tambi\u00e9n conocida como mamita luz por sus nietos, hijos y amigos fue una de las mujeres m\u00e1s valiosas que yo pude conocer ella fue y seguir\u00e1 siendo mi querida bisabuela la cual me ense\u00f1o a nunca rendirme en la vida.<\/p>\n<p><strong>Y quien nos contara la vida de<\/strong><strong> ella es su hija Francisca Vega Vallejo<\/strong><\/p>\n<p>Bueno mi mama naci\u00f3 el 6 de julio de 1918 de muy peque\u00f1a mi madre sufri\u00f3 nadie sabe qui\u00e9nes fueron sus padres ya que los verdaderos padres de ella la regalaron a una pareja, mamita luz me contaba que el padrino pues as\u00ed llamaba al se\u00f1or que la crio de peque\u00f1a era muy bueno con ella\u00a0 pero la se\u00f1ora era mala la trataba como criada cuando el padrino sal\u00eda a trabajar, ellos eran gente con mucho dinero, despu\u00e9s que mamita estuvo ah\u00ed durante 5 a\u00f1os la pareja tuvo 3 hijos contando a mamita luz ya que ellos eran como sus padres.<\/p>\n<p>Despu\u00e9s el padrino cay\u00f3 enfermo y a los pocos d\u00edas muri\u00f3, de ah\u00ed en adelante la vida de mamita luz fue un infierno ya que la \u201cmama\u201d la saco de la escuela y no solo a ella sino a sus hijos, mi mamita contaba que esa se\u00f1ora los hac\u00eda trabajar en las tierras que eran de ella.<\/p>\n<p>Al poco tiempo la se\u00f1ora se caso con uno de los empleados, y ese se\u00f1or se le robo unas joyas a la se\u00f1ora, mando acoger a todos los trabajadores llamo a la polic\u00eda , mamita nos dec\u00eda que esos se\u00f1ores gritaban de la desesperaci\u00f3n y no solo ellos sino dos de sus hijos que tambi\u00e9n los h<a href=\"http:\/\/blog.espol.edu.ec\/glimones\/files\/2011\/10\/217581_10150221387313383_572673382_8502750_7405719_n.jpg\"><img loading=\"lazy\" decoding=\"async\" class=\"alignleft size-medium wp-image-36\" title=\"217581_10150221387313383_572673382_8502750_7405719_n\" src=\"http:\/\/blog.espol.edu.ec\/glimones\/files\/2011\/10\/217581_10150221387313383_572673382_8502750_7405719_n-300x225.jpg\" alt=\"\" width=\"300\" height=\"225\" srcset=\"https:\/\/blog.espol.edu.ec\/glimones\/files\/2011\/10\/217581_10150221387313383_572673382_8502750_7405719_n-300x225.jpg 300w, https:\/\/blog.espol.edu.ec\/glimones\/files\/2011\/10\/217581_10150221387313383_572673382_8502750_7405719_n.jpg 720w\" sizes=\"auto, (max-width: 300px) 100vw, 300px\" \/><\/a>ab\u00edan agarrado mamita luz, tomo al menor y se escondieron en una bodega ya despu\u00e9s cuando se fue la polic\u00eda, mamita luz dejo al ni\u00f1o en la casa de una amiga que tenia y huyo de la hacienda.<\/p>\n<p>La amiga le dijo que fuera a Guaranda que ah la recibir\u00eda una hermana de ella, el esposo de la amiga la llevo hasta Guaranda el dejo donde esa se\u00f1ora donde trabajo, despu\u00e9s al poco tiempo un familiar de ellos al ver lo trabajadora que era decidi\u00f3 llev\u00e1rsela a trabajar a la telimbela.<\/p>\n<p>Ah\u00ed creci\u00f3 y se hizo toda una se\u00f1orita permanece en esa hacienda durante 4 a\u00f1os, luego la familia se la llevan a Yatubi Chico a trabajaran donde los Reinosos donde conoce a un chico Angelino Reinoso forjando una gran amistad con el muchacho, en la familia de los reinosos comienza a trabajar cogiendo caf\u00e9 hasta los 20 a\u00f1os.<\/p>\n<p>Despu\u00e9s de dos a\u00f1os mi mama conoce a mi papa Benedicto Vega y se enamoran, \u00e9l se la lleva de la hacienda de los reinosos a la edad de 22 a\u00f1os, pero el casamiento de ellos tubo muchos inconvenientes debido a que mi abuela no la quer\u00eda a mi mama porque\u00a0 ella era pobre, mi abuela la hizo separar dos veces la primera fue cuando mi papa le mordi\u00f3 una serpiente estaba grave y se lo tuvieron que llevar dejando a mi mama sola con mi abuela ella la tiro de la casa, despu\u00e9s de 6 meses recuper\u00e1ndose, regresa para darse cuenta que mi mama ya no estaba en la casa; mi papa la fue a buscar donde Manuel Escobar y Mona Palacios.<\/p>\n<p>Mi papa pregunto por mi yo era muy peque\u00f1a en ese entonces, ten\u00eda unos 3 a\u00f1os yo estaba enferma debido a que mi abuela no me cuidaba estaba con granos y piojos mi papa le dio mucha pena de verme en ese estado. Mi papa toma las riendas del hogar nuevamente con mi mama despu\u00e9s de tres a\u00f1os mi papa en una fiesta de San Pablo \u00a0le cayeron uno de los fuegos artificiales en las piernas y parte de los test\u00edculos salieron afectados mi papa estaba grave y tuvieron que llev\u00e1rselo a Guayaquil, nuevamente mi abuelita boto a mi mama de la casa, cuando mi papa regreso despu\u00e9s de 6 meses de recuperaci\u00f3n no puedo creer que otra vez su mama la hab\u00eda tirado a la calle a mi mami, la volvi\u00f3 a recoger de la casa de Don Escobar, el se\u00f1or Escobar despu\u00e9s de ver tanto maltrato de parte de mi abuela hablo con e<a href=\"http:\/\/blog.espol.edu.ec\/glimones\/files\/2011\/10\/224033_10150221385793383_572673382_8502741_3863243_n.jpg\"><img loading=\"lazy\" decoding=\"async\" class=\"size-medium wp-image-34 alignright\" title=\"224033_10150221385793383_572673382_8502741_3863243_n\" src=\"http:\/\/blog.espol.edu.ec\/glimones\/files\/2011\/10\/224033_10150221385793383_572673382_8502741_3863243_n-300x225.jpg\" alt=\"\" width=\"300\" height=\"225\" srcset=\"https:\/\/blog.espol.edu.ec\/glimones\/files\/2011\/10\/224033_10150221385793383_572673382_8502741_3863243_n-300x225.jpg 300w, https:\/\/blog.espol.edu.ec\/glimones\/files\/2011\/10\/224033_10150221385793383_572673382_8502741_3863243_n.jpg 720w\" sizes=\"auto, (max-width: 300px) 100vw, 300px\" \/><\/a>lla y le dijo que alg\u00fan d\u00eda cuando ella este en sus \u00faltimos momentos de vida la que estar\u00eda a lado cuid\u00e1ndola seria mamita luz y as\u00ed fue.<\/p>\n<p>La familia Escobar fueron los padrinos de boda de mis papas ya que ellos nuca se cazaron solo estaban unidos, de ah\u00ed en adelante vivieron felices mi ama fue buena madre, esposa y amiga.<\/p>\n<p><strong>Valla fue una hermosa historia se\u00f1ora Francisca seguro que su madre tuvo que enfrentar muchos obst\u00e1culos en su vida para poder tener una vida llena de tranquilidad y felicidad con la gente que amaba.<\/strong><\/p>\n<p>Mi mama era muy querida ella le gustaba ayudar al m\u00e1s necesitado era la partera de san pablo debido que no hab\u00edan m\u00e9dicos quienes atendieran el parto, mi mama le gustaba colaborar era una se\u00f1ora querida por todos<\/p>\n<p>A los cuantos a\u00f1os fallece Mamita Luz<\/p>\n<p>Ella muere a la edad de 83 a\u00f1os ella hubiera vivido m\u00e1s sino que era muy descuidada en su salud no se cuidaba por andar ayudando en las cosas del hogar \u00a0en el campo siempre le gusto el trabajo mi mama, mi mama no com\u00eda a la hora que era y el los intestinos de ella se les llenaron de aire la llevaron al hospital donde la hicieron atender pero no se la pod\u00eda operar debido a que se iba de hemorragia por lo que tuvieron que cerrarle de inmediato, fueron 4 a\u00f1os de sufrimiento para mi mami antes de morir\u00a0 reuni\u00f3 a sus\u00a0 amigos, hijos , nietos y bisnietos para despedirse \u00a0ya que sab\u00eda que la hora de irse estaba cerca agradeci\u00f3 el cari\u00f1o y afecto que le hab\u00edan dado de que ella ya no iba a estar con nosotros pero que nos iba a seguir cuidando desde el cielo, antes de su muerte mamita luz quer\u00eda pedirle perd\u00f3n a una se\u00f1ora con la cual se hab\u00eda peleado ya hace mucho tiempo, la se\u00f1ora llego mamita se disculpo la se\u00f1ora la perdono ye inmediata mente muri\u00f3<\/p>\n","protected":false},"excerpt":{"rendered":"<p>Mar\u00eda Luz Vallejo o tambi\u00e9n conocida como mamita luz por sus nietos, hijos y amigos fue una de las mujeres m\u00e1s valiosas que yo pude conocer ella fue y seguir\u00e1 siendo mi querida bisabuela la cual me ense\u00f1o a nunca rendirme en la vida. Y quien nos contara la vida de ella es su hija [&hellip;]<\/p>\n","protected":false},"author":6913,"featured_media":0,"comment_status":"open","ping_status":"open","sticky":false,"template":"","format":"standard","meta":{"footnotes":""},"categories":[1],"tags":[],"class_list":["post-30","post","type-post","status-publish","format-standard","hentry","category-uncategorized"],"_links":{"self":[{"href":"https:\/\/blog.espol.edu.ec\/glimones\/wp-json\/wp\/v2\/posts\/30","targetHints":{"allow":["GET"]}}],"collection":[{"href":"https:\/\/blog.espol.edu.ec\/glimones\/wp-json\/wp\/v2\/posts"}],"about":[{"href":"https:\/\/blog.espol.edu.ec\/glimones\/wp-json\/wp\/v2\/types\/post"}],"author":[{"embeddable":true,"href":"https:\/\/blog.espol.edu.ec\/glimones\/wp-json\/wp\/v2\/users\/6913"}],"replies":[{"embeddable":true,"href":"https:\/\/blog.espol.edu.ec\/glimones\/wp-json\/wp\/v2\/comments?post=30"}],"version-history":[{"count":7,"href":"https:\/\/blog.espol.edu.ec\/glimones\/wp-json\/wp\/v2\/posts\/30\/revisions"}],"predecessor-version":[{"id":32,"href":"https:\/\/blog.espol.edu.ec\/glimones\/wp-json\/wp\/v2\/posts\/30\/revisions\/32"}],"wp:attachment":[{"href":"https:\/\/blog.espol.edu.ec\/glimones\/wp-json\/wp\/v2\/media?parent=30"}],"wp:term":[{"taxonomy":"category","embeddable":true,"href":"https:\/\/blog.espol.edu.ec\/glimones\/wp-json\/wp\/v2\/categories?post=30"},{"taxonomy":"post_tag","embeddable":true,"href":"https:\/\/blog.espol.edu.ec\/glimones\/wp-json\/wp\/v2\/tags?post=30"}],"curies":[{"name":"wp","href":"https:\/\/api.w.org\/{rel}","templated":true}]}}