{"id":39,"date":"2011-10-26T01:05:21","date_gmt":"2011-10-26T01:05:21","guid":{"rendered":"http:\/\/blog.espol.edu.ec\/glimones\/?p=39"},"modified":"2011-10-31T23:47:45","modified_gmt":"2011-10-31T23:47:45","slug":"francisca-vega-panchita","status":"publish","type":"post","link":"https:\/\/blog.espol.edu.ec\/glimones\/2011\/10\/26\/francisca-vega-panchita\/","title":{"rendered":"Mam\u00e1 Jorgelina"},"content":{"rendered":"<p><a href=\"http:\/\/blog.espol.edu.ec\/glimones\/files\/2011\/10\/54545-copia.jpg\"><img loading=\"lazy\" decoding=\"async\" class=\"alignright size-medium wp-image-52\" title=\"54545 copia\" src=\"http:\/\/blog.espol.edu.ec\/glimones\/files\/2011\/10\/54545-copia-300x241.jpg\" alt=\"\" width=\"300\" height=\"241\" srcset=\"https:\/\/blog.espol.edu.ec\/glimones\/files\/2011\/10\/54545-copia-300x241.jpg 300w, https:\/\/blog.espol.edu.ec\/glimones\/files\/2011\/10\/54545-copia.jpg 588w\" sizes=\"auto, (max-width: 300px) 100vw, 300px\" \/><\/a>Hoy entrevistamos a la Sra. Serbia Ponce quien nos hablara un poco de Mama Jorgelina<\/p>\n<p><strong>Hola\u00a0 Sra. Serv\u00eda como a estado<\/strong><\/p>\n<p>No muy bien (se r\u00ede) eh estado un poco enferma pero aun me mantengo con vida jejeje<\/p>\n<p><strong>Bueno Sra. Serv\u00eda nos puede\u00a0 contar algo de la vida de su mam\u00e1, \u00bfc\u00f3mo se llamaba?<\/strong><\/p>\n<p>Si por supuesto pero eso si se me va hacer un poquito complicado ya que m\u00ed memoria ya no es la de antes. Bueno mi mama se llamaba Jorgelina\u00a0 Ure\u00f1a Due\u00f1as ella naci\u00f3 en el a\u00f1o de 1907 la fecha exacta de su nacimiento no me acuerdo<\/p>\n<p><strong>Sabe usted donde nacio la se\u00f1ora Jorgelina<\/strong><\/p>\n<p>En realidad no se\u00a0 para serle sincera<\/p>\n<p><strong>Nos podr\u00eda contar algo de la juventud de su mam\u00e1<\/strong><\/p>\n<p>Realmente no se mucho de la vida de mi madre ya que ella no hablaba mucho de su pasado lo \u00fanico que medio me acuerdo fue cuando conoci\u00f3 a mi pap\u00e1.<\/p>\n<p><strong>Podria compartir con nosotros esa int<\/strong><a href=\"http:\/\/blog.espol.edu.ec\/glimones\/files\/2011\/10\/555-copia.jpg\"><img loading=\"lazy\" decoding=\"async\" class=\"alignleft size-medium wp-image-50\" title=\"555 copia\" src=\"http:\/\/blog.espol.edu.ec\/glimones\/files\/2011\/10\/555-copia-269x300.jpg\" alt=\"\" width=\"269\" height=\"300\" srcset=\"https:\/\/blog.espol.edu.ec\/glimones\/files\/2011\/10\/555-copia-269x300.jpg 269w, https:\/\/blog.espol.edu.ec\/glimones\/files\/2011\/10\/555-copia.jpg 532w\" sizes=\"auto, (max-width: 269px) 100vw, 269px\" \/><\/a><strong>eresante historia<\/strong><\/p>\n<p>Bueno mi mama nos contaba que cuando era joven mi mama se escapo de la casa para irse a una fiesta con unas amigas ah\u00ed conoci\u00f3 a mi pap\u00e1 Arcadio Ponce, mi papa la quiso sacar a bailar pero ella no quiso, despu\u00e9s de que se acabo la fiesta mi papa trato de llevarla a la casa y tampoco le dejo mi mama<\/p>\n<p><strong>Jaja su m<\/strong><strong>ama era cosa seria.<\/strong><\/p>\n<p>Si mi mama no le gustaba, despu\u00e9s se lo encontr\u00f3 en el colegio y\u00a0 mi pap\u00e1 no la dejaba, le llevaba rosas le compraba regalos y cartitas, y as\u00ed poco a poco la fue enamorando a mi mam\u00e1 creo que mi mam\u00e1 me dijo que fueron novios durante 5 o 6 a\u00f1os mi pap\u00e1\u00a0 despu\u00e9s\u00a0 fue a pedir la mamo de mi mam\u00e1 a mi abuelo, se casaron y se fueron a vivir a los Cerritos<\/p>\n<p><strong>Despu\u00e9s del casamiento a que se dedicaba su difunta madre<\/strong><\/p>\n<p>Bueno mi mam\u00e1 era una mujer de hogar, mientras mi papa sal\u00eda a trabajar en el campo<\/p>\n<p>!Ah\u00a1 me acuerdo que mi mam\u00e1 era costurera en el pueblo donde viv\u00edamos se llama los Cerritos ella era la que confeccionaba la ropa de las mujeres, ni\u00f1os y los hombres del pueblo<\/p>\n<p><strong>Valla su mam\u00e1 era la \u00fanica costurera del Cerrito \u00a1verdad!<br \/>\n<\/strong><\/p>\n<p>Si era la \u00fanica en esa \u00e9poca no hab\u00eda lugares donde comprar la ropa, como ahora que hay\u00a0 esos centros comerciales, todo lo confeccionaba la costurera mi mam\u00e1 era muy buena usando la m\u00e1quina de coser, esa m\u00e1quina se la compro mi pap\u00e1\u00a0 no \u00e9ramos tan pobre pero tampoco ten\u00edamos mucho dinero, esa m\u00e1quina\u00a0 fue un regalo que le hizo mi papa a mi mama con los ahorros que tenia<a href=\"http:\/\/blog.espol.edu.ec\/glimones\/files\/2011\/10\/26651516-copia.jpg\"><img loading=\"lazy\" decoding=\"async\" class=\"alignright size-medium wp-image-53\" title=\"26651516 copia\" src=\"http:\/\/blog.espol.edu.ec\/glimones\/files\/2011\/10\/26651516-copia-165x300.jpg\" alt=\"\" width=\"165\" height=\"300\" srcset=\"https:\/\/blog.espol.edu.ec\/glimones\/files\/2011\/10\/26651516-copia-165x300.jpg 165w, https:\/\/blog.espol.edu.ec\/glimones\/files\/2011\/10\/26651516-copia-566x1024.jpg 566w\" sizes=\"auto, (max-width: 165px) 100vw, 165px\" \/><\/a><\/p>\n<p><strong>Que otras habilidades ten\u00eda su mama adem\u00e1s de la costura<\/strong><\/p>\n<p>Bueno mi mama era excelente cocinera nos prepara unos ricos biches de pescado, caldo de menudencia, le encantaba matar chancho en las fiestas reuniones familiares, bueno mi mama no era la que mataba al chancho era mi papa con mi hermano Franklin, aun me acuerdo como mi hermano hac\u00edan chillar a ese animal, y mi mama les dec\u00eda que ya dejen de hacer sufrir al pobre animal y que lo maten de una vez<\/p>\n<p><strong>\u00bfY siempre vivieron en el Cerrito?<\/strong><\/p>\n<p>No despu\u00e9s de un tiem<img loading=\"lazy\" decoding=\"async\" class=\"alignleft size-medium wp-image-51\" title=\"5545 copia\" src=\"http:\/\/blog.espol.edu.ec\/glimones\/files\/2011\/10\/5545-copia-240x300.jpg\" alt=\"\" width=\"240\" height=\"300\" srcset=\"https:\/\/blog.espol.edu.ec\/glimones\/files\/2011\/10\/5545-copia-240x300.jpg 240w, https:\/\/blog.espol.edu.ec\/glimones\/files\/2011\/10\/5545-copia.jpg 524w\" sizes=\"auto, (max-width: 240px) 100vw, 240px\" \/>po cuando yo cumpl\u00ed los 12 o 13 a\u00f1os nos fuimos a vivir a San Vicente, eso queda por San Carlos a una media hora de ah\u00ed<\/p>\n<p><strong>Porque sus padres decidieron cambiar de domicilio<br \/>\n<\/strong><\/p>\n<p>Bueno eso fue porque mi pap\u00e1 ten\u00eda unos terrenos por all\u00e1, y estaba construyendo una casa por en San Vicente mas grande, adem\u00e1s que estaba la familia de mi mam\u00e1 y mi pap\u00e1, eso si el negocio de costurera ya no era tan bueno como en los cerritos, eso fue lo \u00fanico que no le gusto a mi mama<\/p>\n<p><strong>la Sra Jorgelina entonces dejo de coser, se a deber dedicado a realizar otro tipo de trabajos en su nuevo domicilio<\/strong><\/p>\n<p>En realidad no, si cos\u00eda pero ya no mucho, mas era para m\u00ed y mi hermana Nora ah\u00ed se dedicaba a las cosas del hogar cocinar limpiar lavar me acuerdo que mi mama ten\u00eda una hamaca en el patio, en esa hamaca nos cog\u00eda a m\u00ed y mis hermanos para hacernos dormir<\/p>\n<p><strong>Y de ah\u00ed en adelante permanecieron usted y su familia en San Vicente<\/strong><a href=\"http:\/\/blog.espol.edu.ec\/glimones\/files\/2011\/10\/565-copia.jpg\"><img loading=\"lazy\" decoding=\"async\" class=\"alignright size-medium wp-image-49\" title=\"565 copia\" src=\"http:\/\/blog.espol.edu.ec\/glimones\/files\/2011\/10\/565-copia-300x280.jpg\" alt=\"\" width=\"300\" height=\"280\" srcset=\"https:\/\/blog.espol.edu.ec\/glimones\/files\/2011\/10\/565-copia-300x280.jpg 300w, https:\/\/blog.espol.edu.ec\/glimones\/files\/2011\/10\/565-copia.jpg 739w\" sizes=\"auto, (max-width: 300px) 100vw, 300px\" \/><\/a><\/p>\n<p>Bueno yo me quede a vivir despu\u00e9s que mi papa muri\u00f3 ya de la vejes mi mama ya no quiso vivir en su casa sino que se fue a vivir con mi hermano Franklin porque estaba con los nietos en Pichilingue, mi hermana Nora se fue a los estados unidos y yo me quede en san Vicente con mi marido<\/p>\n<p><strong>La Sra. Jorgelina a los cuanto a\u00f1os fallecio<\/strong><\/p>\n<p>Hay mi mama muri\u00f3 de c\u00e1ncer al estomago a los 91 a\u00f1os de edad en 1998<\/p>\n<p><strong>Muchas gracias por compartir esta historia con nosotros Sra Sevia <\/strong><\/p>\n<p>Me disculparan por no poder contarle mas de la vida de mi madre pero son pocos los recuerdos que me quedan pero fue un gusto compartir con usted<\/p>\n","protected":false},"excerpt":{"rendered":"<p>Hoy entrevistamos a la Sra. Serbia Ponce quien nos hablara un poco de Mama Jorgelina Hola\u00a0 Sra. Serv\u00eda como a estado No muy bien (se r\u00ede) eh estado un poco enferma pero aun me mantengo con vida jejeje Bueno Sra. Serv\u00eda nos puede\u00a0 contar algo de la vida de su mam\u00e1, \u00bfc\u00f3mo se llamaba? Si [&hellip;]<\/p>\n","protected":false},"author":6913,"featured_media":0,"comment_status":"open","ping_status":"open","sticky":false,"template":"","format":"standard","meta":{"footnotes":""},"categories":[1],"tags":[],"class_list":["post-39","post","type-post","status-publish","format-standard","hentry","category-uncategorized"],"_links":{"self":[{"href":"https:\/\/blog.espol.edu.ec\/glimones\/wp-json\/wp\/v2\/posts\/39","targetHints":{"allow":["GET"]}}],"collection":[{"href":"https:\/\/blog.espol.edu.ec\/glimones\/wp-json\/wp\/v2\/posts"}],"about":[{"href":"https:\/\/blog.espol.edu.ec\/glimones\/wp-json\/wp\/v2\/types\/post"}],"author":[{"embeddable":true,"href":"https:\/\/blog.espol.edu.ec\/glimones\/wp-json\/wp\/v2\/users\/6913"}],"replies":[{"embeddable":true,"href":"https:\/\/blog.espol.edu.ec\/glimones\/wp-json\/wp\/v2\/comments?post=39"}],"version-history":[{"count":8,"href":"https:\/\/blog.espol.edu.ec\/glimones\/wp-json\/wp\/v2\/posts\/39\/revisions"}],"predecessor-version":[{"id":57,"href":"https:\/\/blog.espol.edu.ec\/glimones\/wp-json\/wp\/v2\/posts\/39\/revisions\/57"}],"wp:attachment":[{"href":"https:\/\/blog.espol.edu.ec\/glimones\/wp-json\/wp\/v2\/media?parent=39"}],"wp:term":[{"taxonomy":"category","embeddable":true,"href":"https:\/\/blog.espol.edu.ec\/glimones\/wp-json\/wp\/v2\/categories?post=39"},{"taxonomy":"post_tag","embeddable":true,"href":"https:\/\/blog.espol.edu.ec\/glimones\/wp-json\/wp\/v2\/tags?post=39"}],"curies":[{"name":"wp","href":"https:\/\/api.w.org\/{rel}","templated":true}]}}