{"id":50,"date":"2010-06-22T18:08:56","date_gmt":"2010-06-22T18:08:56","guid":{"rendered":"http:\/\/blog.espol.edu.ec\/grodrigu\/?p=50"},"modified":"2010-06-22T18:42:24","modified_gmt":"2010-06-22T18:42:24","slug":"web-2-0","status":"publish","type":"post","link":"https:\/\/blog.espol.edu.ec\/grodrigu\/2010\/06\/22\/web-2-0\/","title":{"rendered":"WEB 2.0"},"content":{"rendered":"<h2><a title=\"WEB 2.O\" href=\"http:\/\/blog.espol.edu.ec\/grodrigu\/files\/2010\/06\/bubble1.jpg\"><\/a>\u00bfQu\u00e9 es la <a title=\"WEB 2.O\" href=\"http:\/\/www.maestrosdelweb.com\/editorial\/web2\/\">Web 2.0<\/a>?<\/h2>\n<div>&lt;!--<\/div>\n<div>Publicado el<\/div>\n<p>--&gt;<!--mclude--><!--publi--><!-- no cond --><!--\/mclude-->La Web 2.0 es la representaci\u00f3n de la evoluci\u00f3n de las aplicaciones tradicionales hacia aplicaciones web enfocadas al usuario final. El Web 2.0 es una actitud y no precisamente una tecnolog\u00eda.<\/p>\n<p><a href=\"http:\/\/blog.espol.edu.ec\/grodrigu\/files\/2010\/06\/viewimage1.gif\"><img loading=\"lazy\" decoding=\"async\" class=\"alignnone size-medium wp-image-51\" style=\"border: red 7px solid\" title=\"viewimage[1]\" src=\"http:\/\/blog.espol.edu.ec\/grodrigu\/files\/2010\/06\/viewimage1-300x268.gif\" alt=\"\" width=\"300\" height=\"268\" srcset=\"https:\/\/blog.espol.edu.ec\/grodrigu\/files\/2010\/06\/viewimage1-300x268.gif 300w, https:\/\/blog.espol.edu.ec\/grodrigu\/files\/2010\/06\/viewimage1.gif 359w\" sizes=\"auto, (max-width: 300px) 100vw, 300px\" \/><\/a><\/p>\n<p>La Web 2.0 es la transici\u00f3n que se ha dado de aplicaciones tradicionales hacia aplicaciones que funcionan a trav\u00e9s del web enfocadas al usuario final. Se trata de aplicaciones que generen colaboraci\u00f3n y de servicios que reemplacen las aplicaciones de escritorio.<\/p>\n<p>Es una etapa que ha definido nuevos proyectos en Internet y est\u00e1 preocup\u00e1ndose por brindar mejores soluciones para el usuario final. Muchos aseguran que hemos reinventado lo que era el Internet, otros hablan de burbujas e inversiones, pero la realidad es que la evoluci\u00f3n natural del medio realmente ha propuesto cosas m\u00e1s interesantes como lo analizamos diariamente en las notas de <a title=\"Actualidad - Maestros del Web\" href=\"http:\/\/www.maestrosdelweb.com\/actualidad\/\">Actualidad<\/a>.<\/p>\n<p>Y es que cuando el web inici\u00f3, nos encontr\u00e1bamos en un entorno est\u00e1tico, con p\u00e1ginas en <a href=\"http:\/\/www.maestrosdelweb.com\/editorial\/htmlhis\/\">HTML<\/a> que sufr\u00edan pocas actualizaciones y no ten\u00edan interacci\u00f3n con el usuario.<\/p>\n<p>Pero para entender de donde viene el t\u00e9rmino de Web 2.0 tenemos que remontarnos al momento en que Dale Dougherty de <a href=\"http:\/\/www.oreillynet.com\/pub\/a\/oreilly\/tim\/news\/2005\/09\/30\/what-is-web-20.html\">O\u2019Reilly Media<\/a> utiliz\u00f3 este t\u00e9rmino en una conferencia en la que comparti\u00f3 una lluvia de ideas junto a Craig Cline de MediaLive. En dicho evento se hablaba del renacimiento y evoluci\u00f3n de la web.<\/p>\n<p>Constantemente estaban surgiendo nuevas aplicaciones y sitios con sorprendentes funcionalidades. Y as\u00ed se dio la pauta para la <a title=\"Web 2.0 Summit \u2022 October 17-19, 2007 \u2022 San Francisco, California\" href=\"http:\/\/www.web2con.com\/\">Web 2.0 conference<\/a> que arranca en el 2004 y hoy en d\u00eda se realiza anualmente en San Francisco, con eventos adicionales utilizando la marca en otros pa\u00edses.<\/p>\n<p>En la charla inicial del Web Conference se habl\u00f3 de los principios que ten\u00edan las aplicaciones Web 2.0:<\/p>\n<ul>\n<li>La web es la plataforma<\/li>\n<li>La informaci\u00f3n es lo que mueve al Internet<\/li>\n<li>Efectos de la red movidos por una arquitectura de participaci\u00f3n.<\/li>\n<li>La innovaci\u00f3n surge de caracter\u00edsticas distribuidas por desarrolladores independientes.<\/li>\n<li>El fin del c\u00edrculo de adopci\u00f3n de software pues tenemos servicios en beta perpetuo<\/li>\n<\/ul>\n<p><a title=\"WEB 2.O\" href=\"http:\/\/blog.espol.edu.ec\/grodrigu\/files\/2010\/06\/bubble1.jpg\"><img loading=\"lazy\" decoding=\"async\" style=\"border: red 7px solid\" title=\"bubble[1]\" src=\"http:\/\/blog.espol.edu.ec\/grodrigu\/files\/2010\/06\/bubble1-300x225.jpg\" alt=\"\" width=\"300\" height=\"225\" \/><\/a><\/p>\n","protected":false},"excerpt":{"rendered":"<p>\u00bfQu\u00e9 es la Web 2.0? &lt;!-- Publicado el --&gt;La Web 2.0 es la representaci\u00f3n de la evoluci\u00f3n de las aplicaciones tradicionales hacia aplicaciones web enfocadas al usuario final. El Web 2.0 es una actitud y no precisamente una tecnolog\u00eda. La Web 2.0 es la transici\u00f3n que se ha dado de aplicaciones tradicionales hacia aplicaciones que [&hellip;]<\/p>\n","protected":false},"author":4202,"featured_media":0,"comment_status":"open","ping_status":"open","sticky":false,"template":"","format":"standard","meta":{"footnotes":""},"categories":[1],"tags":[377,19740,1026,296,18751],"class_list":["post-50","post","type-post","status-publish","format-standard","hentry","category-uncategorized","tag-internet","tag-inversiones","tag-red","tag-tecnologia","tag-web-2-0"],"_links":{"self":[{"href":"https:\/\/blog.espol.edu.ec\/grodrigu\/wp-json\/wp\/v2\/posts\/50","targetHints":{"allow":["GET"]}}],"collection":[{"href":"https:\/\/blog.espol.edu.ec\/grodrigu\/wp-json\/wp\/v2\/posts"}],"about":[{"href":"https:\/\/blog.espol.edu.ec\/grodrigu\/wp-json\/wp\/v2\/types\/post"}],"author":[{"embeddable":true,"href":"https:\/\/blog.espol.edu.ec\/grodrigu\/wp-json\/wp\/v2\/users\/4202"}],"replies":[{"embeddable":true,"href":"https:\/\/blog.espol.edu.ec\/grodrigu\/wp-json\/wp\/v2\/comments?post=50"}],"version-history":[{"count":5,"href":"https:\/\/blog.espol.edu.ec\/grodrigu\/wp-json\/wp\/v2\/posts\/50\/revisions"}],"predecessor-version":[{"id":57,"href":"https:\/\/blog.espol.edu.ec\/grodrigu\/wp-json\/wp\/v2\/posts\/50\/revisions\/57"}],"wp:attachment":[{"href":"https:\/\/blog.espol.edu.ec\/grodrigu\/wp-json\/wp\/v2\/media?parent=50"}],"wp:term":[{"taxonomy":"category","embeddable":true,"href":"https:\/\/blog.espol.edu.ec\/grodrigu\/wp-json\/wp\/v2\/categories?post=50"},{"taxonomy":"post_tag","embeddable":true,"href":"https:\/\/blog.espol.edu.ec\/grodrigu\/wp-json\/wp\/v2\/tags?post=50"}],"curies":[{"name":"wp","href":"https:\/\/api.w.org\/{rel}","templated":true}]}}