{"id":259,"date":"2019-01-21T00:40:58","date_gmt":"2019-01-21T00:40:58","guid":{"rendered":"http:\/\/blog.espol.edu.ec\/gtribut\/?p=259"},"modified":"2019-01-21T20:43:49","modified_gmt":"2019-01-21T20:43:49","slug":"iva-en-distintos-paises-del-mundo","status":"publish","type":"post","link":"https:\/\/blog.espol.edu.ec\/gtribut\/2019\/01\/21\/iva-en-distintos-paises-del-mundo\/","title":{"rendered":"IVA en distintos pa\u00edses del Mundo"},"content":{"rendered":"<h2>IVA en pa\u00edses de Latino am\u00e9rica<\/h2>\n<p><img loading=\"lazy\" decoding=\"async\" class=\"alignnone size-full wp-image-260\" src=\"http:\/\/blog.espol.edu.ec\/gtribut\/files\/2019\/01\/Diapositiva2.jpg\" alt=\"\" width=\"1280\" height=\"720\" srcset=\"https:\/\/blog.espol.edu.ec\/gtribut\/files\/2019\/01\/Diapositiva2.jpg 1280w, https:\/\/blog.espol.edu.ec\/gtribut\/files\/2019\/01\/Diapositiva2-300x169.jpg 300w, https:\/\/blog.espol.edu.ec\/gtribut\/files\/2019\/01\/Diapositiva2-768x432.jpg 768w, https:\/\/blog.espol.edu.ec\/gtribut\/files\/2019\/01\/Diapositiva2-1024x576.jpg 1024w\" sizes=\"auto, (max-width: 1280px) 100vw, 1280px\" \/> <img loading=\"lazy\" decoding=\"async\" class=\"alignnone size-full wp-image-261\" src=\"http:\/\/blog.espol.edu.ec\/gtribut\/files\/2019\/01\/Diapositiva1.jpg\" alt=\"\" width=\"1280\" height=\"720\" srcset=\"https:\/\/blog.espol.edu.ec\/gtribut\/files\/2019\/01\/Diapositiva1.jpg 1280w, https:\/\/blog.espol.edu.ec\/gtribut\/files\/2019\/01\/Diapositiva1-300x169.jpg 300w, https:\/\/blog.espol.edu.ec\/gtribut\/files\/2019\/01\/Diapositiva1-768x432.jpg 768w, https:\/\/blog.espol.edu.ec\/gtribut\/files\/2019\/01\/Diapositiva1-1024x576.jpg 1024w\" sizes=\"auto, (max-width: 1280px) 100vw, 1280px\" \/><\/p>\n<h2>IVA en pa\u00edses de Europa<\/h2>\n<p><img loading=\"lazy\" decoding=\"async\" class=\"alignnone size-full wp-image-260\" src=\"http:\/\/blog.espol.edu.ec\/gtribut\/files\/2019\/01\/Diapositiva2.jpg\" alt=\"\" width=\"1280\" height=\"720\" srcset=\"https:\/\/blog.espol.edu.ec\/gtribut\/files\/2019\/01\/Diapositiva2.jpg 1280w, https:\/\/blog.espol.edu.ec\/gtribut\/files\/2019\/01\/Diapositiva2-300x169.jpg 300w, https:\/\/blog.espol.edu.ec\/gtribut\/files\/2019\/01\/Diapositiva2-768x432.jpg 768w, https:\/\/blog.espol.edu.ec\/gtribut\/files\/2019\/01\/Diapositiva2-1024x576.jpg 1024w\" sizes=\"auto, (max-width: 1280px) 100vw, 1280px\" \/><\/p>\n","protected":false},"excerpt":{"rendered":"<p>IVA en pa\u00edses de Latino am\u00e9rica IVA en pa\u00edses de Europa<\/p>\n","protected":false},"author":10042,"featured_media":0,"comment_status":"open","ping_status":"open","sticky":false,"template":"","format":"link","meta":{"footnotes":""},"categories":[1429143],"tags":[],"class_list":["post-259","post","type-post","status-publish","format-link","hentry","category-informacion-acerca-del-iva","post_format-post-format-link"],"_links":{"self":[{"href":"https:\/\/blog.espol.edu.ec\/gtribut\/wp-json\/wp\/v2\/posts\/259","targetHints":{"allow":["GET"]}}],"collection":[{"href":"https:\/\/blog.espol.edu.ec\/gtribut\/wp-json\/wp\/v2\/posts"}],"about":[{"href":"https:\/\/blog.espol.edu.ec\/gtribut\/wp-json\/wp\/v2\/types\/post"}],"author":[{"embeddable":true,"href":"https:\/\/blog.espol.edu.ec\/gtribut\/wp-json\/wp\/v2\/users\/10042"}],"replies":[{"embeddable":true,"href":"https:\/\/blog.espol.edu.ec\/gtribut\/wp-json\/wp\/v2\/comments?post=259"}],"version-history":[{"count":1,"href":"https:\/\/blog.espol.edu.ec\/gtribut\/wp-json\/wp\/v2\/posts\/259\/revisions"}],"predecessor-version":[{"id":262,"href":"https:\/\/blog.espol.edu.ec\/gtribut\/wp-json\/wp\/v2\/posts\/259\/revisions\/262"}],"wp:attachment":[{"href":"https:\/\/blog.espol.edu.ec\/gtribut\/wp-json\/wp\/v2\/media?parent=259"}],"wp:term":[{"taxonomy":"category","embeddable":true,"href":"https:\/\/blog.espol.edu.ec\/gtribut\/wp-json\/wp\/v2\/categories?post=259"},{"taxonomy":"post_tag","embeddable":true,"href":"https:\/\/blog.espol.edu.ec\/gtribut\/wp-json\/wp\/v2\/tags?post=259"}],"curies":[{"name":"wp","href":"https:\/\/api.w.org\/{rel}","templated":true}]}}