{"id":122,"date":"2010-02-12T14:26:24","date_gmt":"2010-02-12T18:26:24","guid":{"rendered":"http:\/\/blog.espol.edu.ec\/hamaguay\/?p=122"},"modified":"2010-02-23T11:13:23","modified_gmt":"2010-02-23T15:13:23","slug":"marcha-guayaquil","status":"publish","type":"post","link":"https:\/\/blog.espol.edu.ec\/hamaguay\/2010\/02\/12\/marcha-guayaquil\/","title":{"rendered":"Marcha Guayaquil"},"content":{"rendered":"<p><!--[if gte mso 9]&gt;  Normal 0   21   false false false  ES X-NONE X-NONE                           &lt;![endif]--><!--[if gte mso 9]&gt;                                                                                                                                            &lt;![endif]--> <!--[if gte mso 10]&gt;--> <!--[endif]--><\/p>\n<h2 style=\"text-align: center\"><span style=\"font-size: 14pt;font-family: &quot;Times New Roman&quot;,&quot;serif&quot;color: windowtext\" lang=\"ES-EC\">Una multitud respondi\u00f3 al llamado del Alcalde en la av. 9 de Octubre<\/span><\/h2>\n<p><span style=\"font-size: 14pt;font-family: &quot;Times New Roman&quot;,&quot;serif&quot;color: windowtext\" lang=\"ES-EC\"><img loading=\"lazy\" decoding=\"async\" class=\"aligncenter size-full wp-image-123\" src=\"http:\/\/blog.espol.edu.ec\/hamaguay\/files\/2010\/02\/g1.jpg\" alt=\"\" width=\"453\" height=\"604\" srcset=\"https:\/\/blog.espol.edu.ec\/hamaguay\/files\/2010\/02\/g1.jpg 453w, https:\/\/blog.espol.edu.ec\/hamaguay\/files\/2010\/02\/g1-225x300.jpg 225w\" sizes=\"auto, (max-width: 453px) 100vw, 453px\" \/><br \/>\n<\/span><\/p>\n<p><!--[if gte mso 9]&gt;  Normal 0   21   false false false  ES X-NONE X-NONE                           &lt;![endif]--><!--[if gte mso 9]&gt;                                                                                                                                            &lt;![endif]--> <!--[if gte mso 10]&gt;--> <!--[endif]--><\/p>\n<p class=\"MsoNormal\"><!--[if gte mso 9]&gt;  Normal 0   21   false false false  ES-EC X-NONE X-NONE                           &lt;![endif]--><!--[if gte mso 9]&gt;                                                                                                                                            &lt;![endif]--><\/p>\n<p>Llegaron a la avenida 9 de Octubre con banderas, pitos, pancartas, gorras y hasta con el rostro pintado con los colores de la bandera de Guayaquil, para alzar la voz por su ciudad.<br \/>\nAs\u00ed, miles de habitantes de esta urbe respondieron la tarde de ayer al llamado del\u00a0 alcalde Jaime Nebot, en una manifestaci\u00f3n para exigir al gobierno de Rafael Correa mayores rentas para el cant\u00f3n.<br \/>\nEl tr\u00e1fico en la avenida principal de la ciudad se cerr\u00f3 desde tempranas horas para terminar con la colocaci\u00f3n de la tarima desde donde el Alcalde emiti\u00f3 su discurso, y de las banderas\u00a0 celeste y blanco colgadas desde el malec\u00f3n Sim\u00f3n Bol\u00edvar hasta la plaza del Centenario.<\/p>\n<p>Con el transcurso de las horas, una multitud vestida en su mayor\u00eda con los colores de Guayaquil, y coreando frases a favor del Alcalde y en contra del r\u00e9gimen, llen\u00f3 la avenida 9 de Octubre y algunas calles adyacentes. Mientras, decenas de polic\u00edas resguardaban edificios p\u00fablicos como el Ministerio Fiscal y la Corte de Justicia.<br \/>\n<img loading=\"lazy\" decoding=\"async\" src=\"http:\/\/blog.espol.edu.ec\/hamaguay\/files\/2010\/02\/g21-300x200.jpg\" alt=\"\" width=\"300\" height=\"200\" \/><br \/>\nCentenares de personas se desembarcaron de buses que llegaron a las calles Garc\u00eda Moreno y Hurtado, desde donde dirigentes de varias organizaciones repart\u00edan banderas, gorras y camisetas con leyendas como \"El compromiso es contigo, Guayaquil\", \"Esto no se compra\", entre otras.<\/p>\n<p>Un grupo de manifestantes, que dijo ser procedente del cant\u00f3n Daule, se sum\u00f3 a la marcha con carteles de\u00a0 apoyo a Nebot. Julio Rodr\u00edguez lleg\u00f3 con cuatro miembros de su familia para unirse a la protesta. \"Simplemente soy un guayaquile\u00f1o que viene a defender los intereses de la ciudad\", afirm\u00f3.<\/p>\n<p>Nebot se sum\u00f3 a la concentraci\u00f3n caminando desde las calles 9 de Octubre y Rumichaca, pero tres cuadras antes de llegar al Malec\u00f3n fue cargado en hombros por la multitud euf\u00f3rica, que lo llev\u00f3 hasta el podio cuando eran las 16:00.<\/p>\n<p>Con una bandera de Guayaquil\u00a0 y una pantalla gigante de\u00a0 fondo, el Alcalde alz\u00f3 los brazos, hizo un gesto de abrazo, la se\u00f1al de victoria con los dedos y salud\u00f3 a los presentes. Inmediatamente se enton\u00f3 el himno de Guayaquil y bajo una leve llovizna empez\u00f3 su en\u00e9rgico discurso, que concluy\u00f3 cerca de las 17:00.<\/p>\n<p class=\"MsoNormal\"><span style=\"font-size: 14pt;font-family: &quot;Times New Roman&quot;,&quot;serif&amp;quot\">Fuente:<\/span> <span style=\"font-size: 14pt;font-family: &quot;Times New Roman&quot;,&quot;serif&amp;quot\"><a href=\"http:\/\/www.eluniverso.com\/2010\/02\/12\/1\/1355\/multitud-respondio-llamado-alcalde-av-9-octubre.html?p=1355A&amp;m=256\">http:\/\/www.eluniverso.com\/2010\/02\/12\/1\/1355\/multitud-respondio-llamado-alcalde-av-9-octubre.html?p=1355A&amp;m=256<\/a><\/span><\/p>\n<p style=\"text-align: center\"><object width=\"425\" height=\"344\" data=\"http:\/\/www.youtube.com\/v\/rXSzcknpbFA&amp;hl=es_ES&amp;fs=1&amp;\" type=\"application\/x-shockwave-flash\"><param name=\"allowFullScreen\" value=\"true\" \/><param name=\"allowscriptaccess\" value=\"always\" \/><param name=\"src\" value=\"http:\/\/www.youtube.com\/v\/rXSzcknpbFA&amp;hl=es_ES&amp;fs=1&amp;\" \/><param name=\"allowfullscreen\" value=\"true\" \/><\/object><\/p>\n","protected":false},"excerpt":{"rendered":"<p>Una multitud respondi\u00f3 al llamado del Alcalde en la av. 9 de Octubre Llegaron a la avenida 9 de Octubre con banderas, pitos, pancartas, gorras y hasta con el rostro pintado con los colores de la bandera de Guayaquil, para alzar la voz por su ciudad. As\u00ed, miles de habitantes de esta urbe respondieron la [&hellip;]<\/p>\n","protected":false},"author":2543,"featured_media":0,"comment_status":"open","ping_status":"open","sticky":false,"template":"","format":"standard","meta":{"footnotes":""},"categories":[1],"tags":[],"class_list":["post-122","post","type-post","status-publish","format-standard","hentry","category-uncategorized"],"_links":{"self":[{"href":"https:\/\/blog.espol.edu.ec\/hamaguay\/wp-json\/wp\/v2\/posts\/122","targetHints":{"allow":["GET"]}}],"collection":[{"href":"https:\/\/blog.espol.edu.ec\/hamaguay\/wp-json\/wp\/v2\/posts"}],"about":[{"href":"https:\/\/blog.espol.edu.ec\/hamaguay\/wp-json\/wp\/v2\/types\/post"}],"author":[{"embeddable":true,"href":"https:\/\/blog.espol.edu.ec\/hamaguay\/wp-json\/wp\/v2\/users\/2543"}],"replies":[{"embeddable":true,"href":"https:\/\/blog.espol.edu.ec\/hamaguay\/wp-json\/wp\/v2\/comments?post=122"}],"version-history":[{"count":8,"href":"https:\/\/blog.espol.edu.ec\/hamaguay\/wp-json\/wp\/v2\/posts\/122\/revisions"}],"predecessor-version":[{"id":207,"href":"https:\/\/blog.espol.edu.ec\/hamaguay\/wp-json\/wp\/v2\/posts\/122\/revisions\/207"}],"wp:attachment":[{"href":"https:\/\/blog.espol.edu.ec\/hamaguay\/wp-json\/wp\/v2\/media?parent=122"}],"wp:term":[{"taxonomy":"category","embeddable":true,"href":"https:\/\/blog.espol.edu.ec\/hamaguay\/wp-json\/wp\/v2\/categories?post=122"},{"taxonomy":"post_tag","embeddable":true,"href":"https:\/\/blog.espol.edu.ec\/hamaguay\/wp-json\/wp\/v2\/tags?post=122"}],"curies":[{"name":"wp","href":"https:\/\/api.w.org\/{rel}","templated":true}]}}