{"id":16,"date":"2009-11-10T17:26:19","date_gmt":"2009-11-10T21:26:19","guid":{"rendered":"http:\/\/blog.espol.edu.ec\/hamaguay\/?p=16"},"modified":"2010-02-23T12:00:52","modified_gmt":"2010-02-23T16:00:52","slug":"16","status":"publish","type":"post","link":"https:\/\/blog.espol.edu.ec\/hamaguay\/2009\/11\/10\/16\/","title":{"rendered":"* Emelec *"},"content":{"rendered":"<p><strong>Emelec un club iluminado por el triunfo\u00a0\u00a0\u00a0\u00a0\u00a0\u00a0\u00a0\u00a0\u00a0\u00a0\u00a0 <img loading=\"lazy\" decoding=\"async\" class=\"alignright size-medium wp-image-17\" src=\"http:\/\/blog.espol.edu.ec\/hamaguay\/files\/2009\/11\/emelec1-300x230.jpg\" alt=\"Emelec\" width=\"300\" height=\"230\" srcset=\"https:\/\/blog.espol.edu.ec\/hamaguay\/files\/2009\/11\/emelec1-300x230.jpg 300w, https:\/\/blog.espol.edu.ec\/hamaguay\/files\/2009\/11\/emelec1.jpg 780w\" sizes=\"auto, (max-width: 300px) 100vw, 300px\" \/><br \/>\n<\/strong><\/p>\n<p>Enclavado en el coraz\u00f3n del Astillero, ese tradicional y antiguo barrio guayaquile\u00f1o donde se constru\u00edan los barcos y forjado en las entra\u00f1as de la Empresa El\u00e9ctrica del Ecuador, la due\u00f1a de la energ\u00eda y la luz, esa luz que irradia solo a los grandes, un 28 de abril de 1929, hace ya 79 a\u00f1os, naci\u00f3 el Club Sport Emelec para iluminar el firmamento deportivo ecuatoriano y constituirse en el paso del tiempo como una de las instituciones m\u00e1s gloriosas de nuestra patria.<\/p>\n<p>El nacimiento oficial del club, se debe a un hombre visionario que con el paso de los a\u00f1os se convirti\u00f3 en inmortal en la historia del Club, el legendario deportista y dirigente, George Lewis Capwell. integrante de la Superintendencia de la Empresa El\u00e9ctrica de Ecuador, EMELEC. El hombre. un norteamericano de figura imponente y car\u00e1cter firme era deportista por afici\u00f3n y convicci\u00f3n, practicante de nataci\u00f3n, b\u00e1squet, hand-ball y b\u00e9isbol quer\u00eda que los trabajadores de la empresa en que laboraba formasen un club deportivo.<\/p>\n<p>As\u00ed una ma\u00f1ana de ese ya glorioso d\u00eda, a insinuaci\u00f3n suya y de otros amantes del deporte, los ecuatorianos V\u00edctor Pe\u00f1aherrera y Lauro Guerrero se realiz\u00f3 una Junta General de Asamblea de deportistas pertenecientes a la Empresa El\u00e9ctrica del Ecuador Inc.<\/p>\n<p>As\u00ed lo registran oficialmente las actas. sin embargo, la aut\u00e9ntica historia, esa que marca antecedentes, narra que en el a\u00f1o de 1925 ya existi\u00f3 un Emelec. que interven\u00eda en los campeonatos de la Uni\u00f3n Deportiva Comercial. creada en 1923. Club que no tuvo vida oficial pues jam\u00e1s fue registrado como tal en la Federaci\u00f3n Deportiva del Guayas, ni ten\u00eda personer\u00eda jur\u00eddica. Solo era un club de amigos, trabajadores de la Empresa El\u00e9ctrica que identificados en su amor al deporte se reun\u00edan para participar en un campeonato, como cualquier equipo aficionado.<\/p>\n<p>De ese Emelec de ef\u00edmera vida quedan los nombres de Alfonso Calero, Eduardo Ortega, Humberto Mariscal, Enrique Vilac\u00eds. Guillermo Serra, Gustavo D\u00e1valos. Octavio Arbaiza. Germ\u00e1n Lince. Manuel Poveda, Guzm\u00e1n y Pedro Yul\u00e1n. Esos futbolistas vencieron en su momento a los equipos de Agr\u00edcola Ital Fil\u00e1n. Holger Glaeser, Despuig, Anglo Ashton y Comercial Bank. Con esa campa\u00f1a fueron campeones de la Uni\u00f3n Deportiva Comercial UDC en 1925.<\/p>\n<p>El periodista Ricardo Vasconcellos Rosado, escribi\u00f3 en la Edici\u00f3n Especial de El Gr\u00e1fico \u00abEmelec. una pasi\u00f3n ecuatoriana\u00bb, editada en mayo de 1991, an\u00e9cdotas de ese equipo campe\u00f3n.. \u00abEl novicio once el\u00e9ctrico dio la gran sorpresa del tomeo al llegar, el 24 de octubre de 1925, a disputar el t\u00edtulo de la Uni\u00f3n con el ya famoso Angla Ashton cuya puerta era defendida porel c\u00f3nsul ingl\u00e9s Mr. Urquhart. Un empate a dos goles marc\u00f3 el final de la brega, pero Anglo no se present\u00f3 a la disputa del alargue de 15 minutos. Sus jugadores partieron en tres autom\u00f3viles desde la pedregosa canchita del American Park alegando hallarse disminuidos por la lesi\u00f3n de Charles Ashton y la p\u00e9rdida de los lentes de su alero izquierdo Ales Ashton. Ante la deserci\u00f3n del rival, Emelec fue declarado campe\u00f3n y revalid\u00f3 su t\u00edtulo el 27 de octubre cuando venci\u00f3 a la selecci\u00f3n de la Uni\u00f3n por 3 goles a 2\u00bb.<\/p>\n<p><strong>Acta de Fundaci\u00f3n del Club Sport Emelec<\/strong><\/p>\n<p><strong> <img loading=\"lazy\" decoding=\"async\" class=\"aligncenter size-medium wp-image-18\" src=\"http:\/\/blog.espol.edu.ec\/hamaguay\/files\/2009\/11\/acta_fundacion_emelec-209x300.jpg\" alt=\"acta_fundacion_emelec\" width=\"209\" height=\"300\" srcset=\"https:\/\/blog.espol.edu.ec\/hamaguay\/files\/2009\/11\/acta_fundacion_emelec-209x300.jpg 209w, https:\/\/blog.espol.edu.ec\/hamaguay\/files\/2009\/11\/acta_fundacion_emelec.jpg 550w\" sizes=\"auto, (max-width: 209px) 100vw, 209px\" \/><br \/>\n<\/strong><\/p>\n<p><strong>Himno del Club Sport Emaelec<\/strong><\/p>\n<p><strong>Letra:<\/strong> Efr\u00e9n Aviles Pino<\/p>\n<p>Los domingos Guayaquil est\u00e1 de fiesta,<br \/>\nlos muchachos est\u00e1n listos a vencer.<br \/>\nEl estadio se ilumina de colores<br \/>\ny se llena con la hinchada de EMELEC.<\/p>\n<p>Los azules tienen garra vencedora,<br \/>\nuna historia escrita en noches de esplendor,<br \/>\nuna hinchada que lo apoya<br \/>\ny que lo sigue con amor<br \/>\ny un equipo destinado a ser campe\u00f3n.<\/p>\n<p>Emelec, Emelec<br \/>\nes el grito que se escucha en el estadio;<br \/>\nEmelec, Emelec<br \/>\nes el grito de mi coraz\u00f3n<br \/>\nEmelec, Emelec<br \/>\nCoraz\u00f3n, fuerza y coraje de Campe\u00f3n<br \/>\nen tu cancha o de visita nadie te puede vencer<br \/>\nEmelec, Emelec.<\/p>\n<p><strong>Estadio George Lewis Capwell<\/strong><\/p>\n<p><strong><img loading=\"lazy\" decoding=\"async\" class=\"aligncenter size-medium wp-image-19\" src=\"http:\/\/blog.espol.edu.ec\/hamaguay\/files\/2009\/11\/estadio_capwell_emelec-300x128.jpg\" alt=\"estadio_capwell_emelec\" width=\"300\" height=\"128\" srcset=\"https:\/\/blog.espol.edu.ec\/hamaguay\/files\/2009\/11\/estadio_capwell_emelec-300x128.jpg 300w, https:\/\/blog.espol.edu.ec\/hamaguay\/files\/2009\/11\/estadio_capwell_emelec.jpg 800w\" sizes=\"auto, (max-width: 300px) 100vw, 300px\" \/><br \/>\n<\/strong><\/p>\n<p>El Estadio Capwell nace de la iniciativa de don George Lewis Capwell. En diciembre de 1940, la Municipalidad de Guayaquil aprueba el alquiler de cuatro manzanas para la construcci\u00f3n del Estadio del Club Sport Emelec. El 8 de Septiembre de 1942, el cabildo porte\u00f1o resuelve la donaci\u00f3n de tales manzanas y el 15 de Octubre de ese mismo a\u00f1o, el Congreso Nacional del Ecuador aprueba el decreto autorizando a la Municipalidad de Guayaquil la donaci\u00f3n, consolidado el dominio sobre los terrenos. El 24 de Julio de 1943, se coloca la primera piedra de lo que ser\u00eda el Estadio Capwell.<\/p>\n<p><strong>UNA NUEVA AMPLIACI\u00d3N<\/strong><\/p>\n<p><strong><img loading=\"lazy\" decoding=\"async\" class=\"aligncenter size-medium wp-image-20\" src=\"http:\/\/blog.espol.edu.ec\/hamaguay\/files\/2009\/11\/estadio_capwell_tribuna-300x225.jpg\" alt=\"estadio_capwell_tribuna\" width=\"300\" height=\"225\" srcset=\"https:\/\/blog.espol.edu.ec\/hamaguay\/files\/2009\/11\/estadio_capwell_tribuna-300x225.jpg 300w, https:\/\/blog.espol.edu.ec\/hamaguay\/files\/2009\/11\/estadio_capwell_tribuna.jpg 800w\" sizes=\"auto, (max-width: 300px) 100vw, 300px\" \/><br \/>\n<\/strong><\/p>\n<p>Tuvieron que pasar una serie de inconvenientes para que se diera una nueva ampliaci\u00f3n del estadio Capwell. La propuesta de campa\u00f1a de 1994, de quien hace poco terminara su periodo como presidente del Club, Enrique Ponce Luque, no se cumpli\u00f3 en su totalidad. Si bien se llev\u00f3 a efecto la realizaci\u00f3n de una fase de reconstrucci\u00f3n y no la ampliaci\u00f3n a 45.000 espectadores como se prometi\u00f3, previo al inicio de estos trabajos se suscitaron hechos que llevaron a que el equipo termine jugando en el estadio Modelo, debido a que se tumbaron los grader\u00edos de la calle P\u00edo Mont\u00fafar y la obra estuvo estancada por a\u00f1os.<\/p>\n<p>El 2 de abril de 1999 se terminan las obras que consistieron en hacer una nueva bandeja que reemplazaba a la general Pi\u00f3 Mont\u00fafar, con el incremento de preferencias, suites y palcos.<\/p>\n<p>La construcci\u00f3n, que desde 1999 la disfruta el hincha el\u00e9ctrico, tiene una capacidad para 4.500 espectadores que se dividen en 34 suites, 1520 palcos y 2.500 preferencias.<\/p>\n<p>Bien vale destacar que esta ampliaci\u00f3n se la consigui\u00f3 gracias a las gestiones de quien fuera presidente de la Comisi\u00f3n de F\u00fatbol, Omar Quintana Baquerizo. Seg\u00fan los directivos actuales la ampliaci\u00f3n a 45 mil espectadores sigue en pie y es muy probable que en lo pr\u00f3ximos meses se empiecen las labores. (Texto sacado de la Estadio de mayo 25, 2004, 75 a\u00f1os de Gloria)<\/p>\n<p><strong>LA NUEVA POPULAR<\/strong><\/p>\n<p>El Directorio del Club Sport Emelec, en sesi\u00f3n celebrada el 1 de marzo del 2004, conform\u00f3 una Comisi\u00f3n integrada por el profesor Carlos Falquez Batallas, Ing. Xavier Mendoza y presidida por el se\u00f1or Omar Quintana Baquerizo, quienes lograr\u00edan las gestiones necesarias para llevar a cabo la ampliaci\u00f3n del estadio.<\/p>\n<p>El 22 de julio, la Federaci\u00f3n Deportivo del Guayas, como organismo matriz del deporte en la provincia del Guayas, solicita a la SENADER la revisi\u00f3n, aprobaci\u00f3n y financiamiento del Proyecto de Ampliaci\u00f3n del Estadio Capwell; para este efecto se adjudicaron los planos y estudios t\u00e9cnicos legales para esta obra.<\/p>\n<p>La SENADER, previo el correspondiente informe t\u00e9cnico de factibilidad de ejecuci\u00f3n del proyecto, aporta la suma de 2.494.771,91 mediante cheque # 003850 de la cuenta corriente 486091291 del Banco General Rumi\u00f1ahui, el mismo que fue depositado en la cuenta de ahorro de FEDEGUAYAS # 001-1703315 del Banco Bolivariano de Guayaquil.<\/p>\n<p>El 10 de febrero de 2005, se suscribe el Convenio entre el Club Sport EMELEC, representado por su presidente Jorge Arosemena Gallardo; la Comisi\u00f3n de Ampliaci\u00f3n, representada por su presidente, Omar Quintana Baquerizo; y la Federaci\u00f3n Deportiva del Guayas, representada por su presidente (e) Dr. Roberto Gilbert Febres Cordero.<\/p>\n<p>El 17 de marzo del 2005, el M.I. Concejo Cantonal de Guayaquil, en sesi\u00f3n ordinaria, aprob\u00f3 el R\u00e9gimen de Excepci\u00f3n para esta edificaci\u00f3n.<\/p>\n<p>El 1 de julio del 2005, la direcci\u00f3n de Urbanismo, Aval\u00fao y Registro (DUAR) de la M.I. Municipalidad de Guayaquil, otorg\u00f3 el permiso de construcci\u00f3n.<\/p>\n<p>Con estos procedimientos se dio inicio a la obra, cuya capacidad proyectada es para 8.000 espectadores en el sector de la Av. Quito.<\/p>\n<p>La obra fue concluida e inaugurada en el 2006 en un partido frente al Aucas, cotejo que fue ganado por el Emelec y a semana siguiente el bombillo derrota a Barcelona en el m\u00edtico Capwell.<\/p>\n<p><!--[if gte mso 9]&gt;  Normal 0   21   false false false  ES-EC X-NONE X-NONE                           &lt;![endif]--><!--[if gte mso 9]&gt;                                                                                                                                            &lt;![endif]--><\/p>\n<p class=\"MsoNormal\"><span style=\"font-size: 12pt;font-family: &quot;Times New Roman&quot;,&quot;serif&amp;quot\"> <\/span><\/p>\n<p><span style=\"font-size: 11pt;font-family: &quot;Calibri&quot;,&quot;sans-serif&amp;quot\">Fuente: <a href=\"http:\/\/www.emelec.com.ec\/\">http:\/\/www.emelec.com.ec\/<\/a><\/span><\/p>\n<p style=\"text-align: center\"><object width=\"320\" height=\"265\" data=\"http:\/\/www.youtube.com\/v\/RfvHi4X3iX4&amp;hl=es_ES&amp;fs=1&amp;rel=0&amp;color1=0x3a3a3a&amp;color2=0x999999\" type=\"application\/x-shockwave-flash\"><param name=\"allowFullScreen\" value=\"true\" \/><param name=\"allowscriptaccess\" value=\"always\" \/><param name=\"src\" value=\"http:\/\/www.youtube.com\/v\/RfvHi4X3iX4&amp;hl=es_ES&amp;fs=1&amp;rel=0&amp;color1=0x3a3a3a&amp;color2=0x999999\" \/><param name=\"allowfullscreen\" value=\"true\" \/><\/object><\/p>\n","protected":false},"excerpt":{"rendered":"<p>Emelec un club iluminado por el triunfo\u00a0\u00a0\u00a0\u00a0\u00a0\u00a0\u00a0\u00a0\u00a0\u00a0\u00a0 Enclavado en el coraz\u00f3n del Astillero, ese tradicional y antiguo barrio guayaquile\u00f1o donde se constru\u00edan los barcos y forjado en las entra\u00f1as de la Empresa El\u00e9ctrica del Ecuador, la due\u00f1a de la energ\u00eda y la luz, esa luz que irradia solo a los grandes, un 28 de abril [&hellip;]<\/p>\n","protected":false},"author":2543,"featured_media":0,"comment_status":"open","ping_status":"open","sticky":false,"template":"","format":"standard","meta":{"footnotes":""},"categories":[2693],"tags":[],"class_list":["post-16","post","type-post","status-publish","format-standard","hentry","category-deporte"],"_links":{"self":[{"href":"https:\/\/blog.espol.edu.ec\/hamaguay\/wp-json\/wp\/v2\/posts\/16","targetHints":{"allow":["GET"]}}],"collection":[{"href":"https:\/\/blog.espol.edu.ec\/hamaguay\/wp-json\/wp\/v2\/posts"}],"about":[{"href":"https:\/\/blog.espol.edu.ec\/hamaguay\/wp-json\/wp\/v2\/types\/post"}],"author":[{"embeddable":true,"href":"https:\/\/blog.espol.edu.ec\/hamaguay\/wp-json\/wp\/v2\/users\/2543"}],"replies":[{"embeddable":true,"href":"https:\/\/blog.espol.edu.ec\/hamaguay\/wp-json\/wp\/v2\/comments?post=16"}],"version-history":[{"count":10,"href":"https:\/\/blog.espol.edu.ec\/hamaguay\/wp-json\/wp\/v2\/posts\/16\/revisions"}],"predecessor-version":[{"id":238,"href":"https:\/\/blog.espol.edu.ec\/hamaguay\/wp-json\/wp\/v2\/posts\/16\/revisions\/238"}],"wp:attachment":[{"href":"https:\/\/blog.espol.edu.ec\/hamaguay\/wp-json\/wp\/v2\/media?parent=16"}],"wp:term":[{"taxonomy":"category","embeddable":true,"href":"https:\/\/blog.espol.edu.ec\/hamaguay\/wp-json\/wp\/v2\/categories?post=16"},{"taxonomy":"post_tag","embeddable":true,"href":"https:\/\/blog.espol.edu.ec\/hamaguay\/wp-json\/wp\/v2\/tags?post=16"}],"curies":[{"name":"wp","href":"https:\/\/api.w.org\/{rel}","templated":true}]}}