{"id":183,"date":"2010-02-22T18:30:02","date_gmt":"2010-02-22T22:30:02","guid":{"rendered":"http:\/\/blog.espol.edu.ec\/hamaguay\/?p=183"},"modified":"2010-02-22T18:30:02","modified_gmt":"2010-02-22T22:30:02","slug":"presidente-de-haiti-estima-mas-de-300-mil-muertos-por-terremoto","status":"publish","type":"post","link":"https:\/\/blog.espol.edu.ec\/hamaguay\/2010\/02\/22\/presidente-de-haiti-estima-mas-de-300-mil-muertos-por-terremoto\/","title":{"rendered":"Presidente de Hait\u00ed estima m\u00e1s de 300 mil muertos por terremoto"},"content":{"rendered":"<p><strong>Presidente de Hait\u00ed estima m\u00e1s de 300 mil muertos por terremoto<\/strong><\/p>\n<p><strong><img loading=\"lazy\" decoding=\"async\" class=\"aligncenter size-full wp-image-184\" src=\"http:\/\/blog.espol.edu.ec\/hamaguay\/files\/2010\/02\/haiti.jpg\" alt=\"\" width=\"300\" height=\"200\" \/><br \/>\n<\/strong><\/p>\n<p>Ren\u00e9 Preval dijo que la verdadera recuperaci\u00f3n de su pa\u00eds pasa por realizar inversiones que permitan al pa\u00eds tomar el camino de un crecimiento \"sustentable y duradero\".<\/p>\n<p>El presidente de Hait\u00ed, Ren\u00e9 Preval, estim\u00f3 hoy en M\u00e9xico que la cifra de muertos por el terremoto de Hait\u00ed podr\u00eda llegar hasta las 300.000 personas y pidi\u00f3 una \"gran coalici\u00f3n internacional\" para ayudar a su pa\u00eds.<\/p>\n<p>Al participar en la I Cumbre entre M\u00e9xico y la Comunidad del Caribe (Caricom) en la Riviera Maya, cerca de Canc\u00fan, Preval afirm\u00f3 que despu\u00e9s del terremoto no s\u00f3lo se trata de reconstruir, sino de \"refundar el pa\u00eds\".<\/p>\n<p>\"Han visto las im\u00e1genes, conocen las cifras: m\u00e1s de 200.000 cuerpos recogidos en las calles. Contando los que todav\u00eda est\u00e1n bajo los escombros, quiz\u00e1 llegaremos a los 300.000 muertos\", dijo Preval ante sus colegas de la regi\u00f3n.<br \/>\n<img loading=\"lazy\" decoding=\"async\" class=\"aligncenter size-medium wp-image-185\" src=\"http:\/\/blog.espol.edu.ec\/hamaguay\/files\/2010\/02\/te-300x204.jpg\" alt=\"\" width=\"300\" height=\"204\" srcset=\"https:\/\/blog.espol.edu.ec\/hamaguay\/files\/2010\/02\/te-300x204.jpg 300w, https:\/\/blog.espol.edu.ec\/hamaguay\/files\/2010\/02\/te.jpg 600w\" sizes=\"auto, (max-width: 300px) 100vw, 300px\" \/><br \/>\nEl presidente haitiano habl\u00f3 en la sesi\u00f3n inaugural del encuentro de un d\u00eda, que se realiza previo a la Cumbre de la Unidad de Am\u00e9rica Latina y el Caribe, a la que asistir\u00e1n 32 pa\u00edses, el lunes y el martes.<\/p>\n<p>\"Encuentros internacionales tendr\u00e1n pronto lugar para determinar cu\u00e1l es la ayuda que se debe de dar para la reconstrucci\u00f3n de Hait\u00ed, su forma de gesti\u00f3n, su motor\", se\u00f1al\u00f3, e indic\u00f3 que Hait\u00ed propondr\u00e1 su propio programa cuando se realicen esas reuniones.<\/p>\n<p>La verdadera recuperaci\u00f3n de Hait\u00ed, agreg\u00f3, pasa por realizar inversiones que permitan al pa\u00eds tomar el camino de un crecimiento \"sustentable y duradero\".<\/p>\n<p>El objetivo es lograr \"un pa\u00eds m\u00e1s justo que no se limite en concentrar todos sus recursos en una capital, Puerto Pr\u00edncipe, donde viven las \u00e9lites econ\u00f3micas y pol\u00edticas\".<\/p>\n<p>Preval afirm\u00f3 que la labor ser\u00e1 \"lenta, dif\u00edcil y costosa\" y agradeci\u00f3 a sus colegas de los 15 pa\u00edses del Caricom -algunos representados por ministros- y al presidente de M\u00e9xico haber colocado el tema de Hait\u00ed como uno de los m\u00e1s importantes de la agenda de la cumbre.<\/p>\n<p>Seg\u00fan se\u00f1al\u00f3, el terremoto dej\u00f3 m\u00e1s de 250.000 casas destruidas o da\u00f1adas y m\u00e1s de 1,5 millones de personas sin casa, y en muchos casos tambi\u00e9n sin dinero y sin empleo, y urge encontrarles un refugio para vivir porque las primeras lluvias ya empezaron a caer en Puerto Pr\u00edncipe.<\/p>\n<p>\"Por eso estoy llamando a una gran coalici\u00f3n de las fuerzas que nos asisten para que nos ayuden a enfrentar este problema r\u00e1pidamente y con eficacia\", indic\u00f3.<\/p>\n<p>Fuente: <a href=\"http:\/\/generaccion.com\/noticias\/online\/detalle.php?id=43987\">http:\/\/generaccion.com\/noticias\/online\/detalle.php?id=43987<\/a><\/p>\n","protected":false},"excerpt":{"rendered":"<p>Presidente de Hait\u00ed estima m\u00e1s de 300 mil muertos por terremoto Ren\u00e9 Preval dijo que la verdadera recuperaci\u00f3n de su pa\u00eds pasa por realizar inversiones que permitan al pa\u00eds tomar el camino de un crecimiento \"sustentable y duradero\". El presidente de Hait\u00ed, Ren\u00e9 Preval, estim\u00f3 hoy en M\u00e9xico que la cifra de muertos por el [&hellip;]<\/p>\n","protected":false},"author":2543,"featured_media":0,"comment_status":"open","ping_status":"open","sticky":false,"template":"","format":"standard","meta":{"footnotes":""},"categories":[1],"tags":[],"class_list":["post-183","post","type-post","status-publish","format-standard","hentry","category-uncategorized"],"_links":{"self":[{"href":"https:\/\/blog.espol.edu.ec\/hamaguay\/wp-json\/wp\/v2\/posts\/183","targetHints":{"allow":["GET"]}}],"collection":[{"href":"https:\/\/blog.espol.edu.ec\/hamaguay\/wp-json\/wp\/v2\/posts"}],"about":[{"href":"https:\/\/blog.espol.edu.ec\/hamaguay\/wp-json\/wp\/v2\/types\/post"}],"author":[{"embeddable":true,"href":"https:\/\/blog.espol.edu.ec\/hamaguay\/wp-json\/wp\/v2\/users\/2543"}],"replies":[{"embeddable":true,"href":"https:\/\/blog.espol.edu.ec\/hamaguay\/wp-json\/wp\/v2\/comments?post=183"}],"version-history":[{"count":2,"href":"https:\/\/blog.espol.edu.ec\/hamaguay\/wp-json\/wp\/v2\/posts\/183\/revisions"}],"predecessor-version":[{"id":187,"href":"https:\/\/blog.espol.edu.ec\/hamaguay\/wp-json\/wp\/v2\/posts\/183\/revisions\/187"}],"wp:attachment":[{"href":"https:\/\/blog.espol.edu.ec\/hamaguay\/wp-json\/wp\/v2\/media?parent=183"}],"wp:term":[{"taxonomy":"category","embeddable":true,"href":"https:\/\/blog.espol.edu.ec\/hamaguay\/wp-json\/wp\/v2\/categories?post=183"},{"taxonomy":"post_tag","embeddable":true,"href":"https:\/\/blog.espol.edu.ec\/hamaguay\/wp-json\/wp\/v2\/tags?post=183"}],"curies":[{"name":"wp","href":"https:\/\/api.w.org\/{rel}","templated":true}]}}