{"id":243,"date":"2010-02-26T12:53:40","date_gmt":"2010-02-26T16:53:40","guid":{"rendered":"http:\/\/blog.espol.edu.ec\/hamaguay\/?p=243"},"modified":"2010-02-26T19:22:48","modified_gmt":"2010-02-26T23:22:48","slug":"tito-el-bambino-no-convence-a-vina-del-mar","status":"publish","type":"post","link":"https:\/\/blog.espol.edu.ec\/hamaguay\/2010\/02\/26\/tito-el-bambino-no-convence-a-vina-del-mar\/","title":{"rendered":"Tito 'El Bambino' no convence a Vi\u00f1a del Mar"},"content":{"rendered":"<p><!--[if gte mso 9]&gt;  Normal 0   21   false false false  ES X-NONE X-NONE              MicrosoftInternetExplorer4              &lt;![endif]--><!--[if gte mso 9]&gt;                                                                                                                                            &lt;![endif]--><\/p>\n<p class=\"MsoNormal\" style=\"text-align: center\"><strong><span style=\"font-size: 18pt;font-family: &quot;Times New Roman&quot;,&quot;serif&amp;quot\">Tito 'El Bambino' no convence a Vi\u00f1a del Mar<\/span><\/strong><\/p>\n<p class=\"MsoNormal\"><strong><span style=\"font-size: 18pt;font-family: &quot;Times New Roman&quot;,&quot;serif&amp;quot\"><img loading=\"lazy\" decoding=\"async\" class=\"aligncenter size-full wp-image-244\" src=\"http:\/\/blog.espol.edu.ec\/hamaguay\/files\/2010\/02\/1.jpg\" alt=\"\" width=\"400\" height=\"263\" srcset=\"https:\/\/blog.espol.edu.ec\/hamaguay\/files\/2010\/02\/1.jpg 400w, https:\/\/blog.espol.edu.ec\/hamaguay\/files\/2010\/02\/1-300x197.jpg 300w\" sizes=\"auto, (max-width: 400px) 100vw, 400px\" \/><br \/>\n<\/span><\/strong><\/p>\n<p class=\"MsoNormal\"><strong><\/strong>El reguetonero portorrique\u00f1o Tito 'El Bambino' no logr\u00f3 convencer del todo en su presentaci\u00f3n en la cuarta noche del Festival Internacional de Vi\u00f1a del Mar, donde se consagr\u00f3 la joven figura chilena de la m\u00fasica tropical Am\u00e9rico, ovacionado por el p\u00fablico.<\/p>\n<p><strong>Tito 'El Bambino', que debutaba en Vi\u00f1a del Mar, tuvo momentos altos y bajos durante su presentaci\u00f3n que cerr\u00f3 la jornada del tradicional certamen veraniego<\/strong> que arranc\u00f3 el lunes y finaliza este s\u00e1bado en el balneario de Vi\u00f1a del Mar, 120 km al oeste de Santiago.<\/p>\n<p>El reguetonero, apodado tambi\u00e9n 'El Patr\u00f3n', abri\u00f3 su presentaci\u00f3n con su \u00e9xito rom\u00e1ntico<em> \"Mi cama huele a ti\"<\/em>, que arranc\u00f3 suspiros entre los 15.000 asistentes a la Quinta Vergara, el escenario al aire libre que alberga el certamen.<\/p>\n<p>El portorrique\u00f1o sali\u00f3 a escena acompa\u00f1ado de un nutrido cuerpo de baile, pero recibi\u00f3 algunas pifias al intercalar entre tema y tema extensos di\u00e1logos, en los que <strong>pidi\u00f3 al p\u00fablico entregarle r\u00e1pidamente los trofeos con los que el p\u00fablico premia a sus artistas favoritos.<\/strong><\/p>\n<p>De todas formas, logr\u00f3 su objetivo y el p\u00fablico le entreg\u00f3 las Antorchas de Plata y Oro, junto a la ansiada Gaviota de Plata, el m\u00e1ximo galard\u00f3n otorgado, aunque su entrega pareci\u00f3 un poco forzada por sus insistentes peticiones.<\/p>\n<p>A Tito 'El Bambino' le pas\u00f3 la cuenta la gran actuaci\u00f3n que present\u00f3 en el inicio la joven figura de la m\u00fasica popular chilena Am\u00e9rico, quien logr\u00f3 en Vi\u00f1a del Mar consagrar una exitosa carrera con la cual busca ahora traspasar las fronteras de Chile.<\/p>\n<p><strong>Am\u00e9rico, acompa\u00f1ado de 11 m\u00fasicos y considerado la revelaci\u00f3n musical de Chile en 2009<\/strong>, consigui\u00f3 r\u00e1pidamente hacer bailar a todo el p\u00fablico con sus potentes melod\u00edas tropicales como <em>'Que levante la mano'<\/em> y <em>'El Embrujo'<\/em>,\u00a0 r\u00e9cords de ventas en Chile.<\/p>\n<p>Con un gran despliegue sobre el escenario, Am\u00e9rico arras\u00f3 en la cuarta noche de festival y al final se llev\u00f3 las Antorchas de Oro y Plata, y de forma in\u00e9dita, el joven m\u00fasico recibi\u00f3 dos Gaviotas de Plata, entregadas por los animadores ante la insistencia del p\u00fablico.<\/p>\n<p>En la jornada tambi\u00e9n se definieron los finalistas de las competencias folkl\u00f3ricas e internacional que se desarrollan en paralelo al show.<\/p>\n<p class=\"MsoNormal\"><img loading=\"lazy\" decoding=\"async\" class=\"aligncenter size-full wp-image-245\" src=\"http:\/\/blog.espol.edu.ec\/hamaguay\/files\/2010\/02\/21.jpg\" alt=\"\" width=\"430\" height=\"359\" srcset=\"https:\/\/blog.espol.edu.ec\/hamaguay\/files\/2010\/02\/21.jpg 430w, https:\/\/blog.espol.edu.ec\/hamaguay\/files\/2010\/02\/21-300x250.jpg 300w\" sizes=\"auto, (max-width: 430px) 100vw, 430px\" \/><br \/>\nEn la competencia folcl\u00f3rica clasificaron los temas representativos de M\u00e9xico <em>'Traje de charro'<\/em>; de Chile <em>'El Chinchinerito'<\/em> y de Argentina <em>'El cantar es andar<\/em>', mientras que en la parte internacional pasaron a la final los temas de Argentina <em>'El d\u00eda que me quieras'<\/em>; de Cuba <em>'Para vivir'<\/em>; de Estados Unidos <em>'Rock around the clock'<\/em>; de Italia <em>'Volare'<\/em>, y de Chile, <em>'El tiempo en las bastillas'<\/em>.<\/p>\n<p class=\"MsoNormal\"><a href=\"http:\/\/www.eluniverso.com\/2010\/02\/26\/1\/1378\/tito-el-bambino-convence-vina-mar.html?p=1354&amp;m=1775\">http:\/\/www.eluniverso.com\/2010\/02\/26\/1\/1378\/tito-el-bambino-convence-vina-mar.html?p=1354&amp;m=1775<\/a><\/p>\n","protected":false},"excerpt":{"rendered":"<p>Tito 'El Bambino' no convence a Vi\u00f1a del Mar El reguetonero portorrique\u00f1o Tito 'El Bambino' no logr\u00f3 convencer del todo en su presentaci\u00f3n en la cuarta noche del Festival Internacional de Vi\u00f1a del Mar, donde se consagr\u00f3 la joven figura chilena de la m\u00fasica tropical Am\u00e9rico, ovacionado por el p\u00fablico. Tito 'El Bambino', que debutaba [&hellip;]<\/p>\n","protected":false},"author":2543,"featured_media":0,"comment_status":"open","ping_status":"open","sticky":false,"template":"","format":"standard","meta":{"footnotes":""},"categories":[15979,2285],"tags":[],"class_list":["post-243","post","type-post","status-publish","format-standard","hentry","category-artist","category-music"],"_links":{"self":[{"href":"https:\/\/blog.espol.edu.ec\/hamaguay\/wp-json\/wp\/v2\/posts\/243","targetHints":{"allow":["GET"]}}],"collection":[{"href":"https:\/\/blog.espol.edu.ec\/hamaguay\/wp-json\/wp\/v2\/posts"}],"about":[{"href":"https:\/\/blog.espol.edu.ec\/hamaguay\/wp-json\/wp\/v2\/types\/post"}],"author":[{"embeddable":true,"href":"https:\/\/blog.espol.edu.ec\/hamaguay\/wp-json\/wp\/v2\/users\/2543"}],"replies":[{"embeddable":true,"href":"https:\/\/blog.espol.edu.ec\/hamaguay\/wp-json\/wp\/v2\/comments?post=243"}],"version-history":[{"count":3,"href":"https:\/\/blog.espol.edu.ec\/hamaguay\/wp-json\/wp\/v2\/posts\/243\/revisions"}],"predecessor-version":[{"id":247,"href":"https:\/\/blog.espol.edu.ec\/hamaguay\/wp-json\/wp\/v2\/posts\/243\/revisions\/247"}],"wp:attachment":[{"href":"https:\/\/blog.espol.edu.ec\/hamaguay\/wp-json\/wp\/v2\/media?parent=243"}],"wp:term":[{"taxonomy":"category","embeddable":true,"href":"https:\/\/blog.espol.edu.ec\/hamaguay\/wp-json\/wp\/v2\/categories?post=243"},{"taxonomy":"post_tag","embeddable":true,"href":"https:\/\/blog.espol.edu.ec\/hamaguay\/wp-json\/wp\/v2\/tags?post=243"}],"curies":[{"name":"wp","href":"https:\/\/api.w.org\/{rel}","templated":true}]}}