{"id":44,"date":"2009-12-22T16:25:19","date_gmt":"2009-12-22T20:25:19","guid":{"rendered":"http:\/\/blog.espol.edu.ec\/hamaguay\/?p=44"},"modified":"2010-02-23T11:57:02","modified_gmt":"2010-02-23T15:57:02","slug":"yo-soy-cristiano-catolico","status":"publish","type":"post","link":"https:\/\/blog.espol.edu.ec\/hamaguay\/2009\/12\/22\/yo-soy-cristiano-catolico\/","title":{"rendered":"Yo soy Cristiano Cat\u00f3lico"},"content":{"rendered":"<p style=\"text-align: center\"><a class=\"flickr-image aligncenter\" href=\"http:\/\/www.flickr.com\/photos\/hector_amaguaya\/4207093850\/\"><img loading=\"lazy\" decoding=\"async\" class=\"aligncenter\" src=\"http:\/\/farm3.static.flickr.com\/2555\/4207093850_a0aac35402_t.jpg\" alt=\"\" width=\"175\" height=\"172\" \/><\/a><\/p>\n<h2><!--[if gte mso 10]&gt;--> <!--[endif]--><\/h2>\n<p style=\"text-align: center\"><!--[if gte mso 9]&gt;  Normal 0   21   false false false  ES-EC X-NONE X-NONE              MicrosoftInternetExplorer4              &lt;![endif]--><!--[if gte mso 9]&gt;                                                                                                                                            &lt;![endif]--> <!--[if gte mso 9]&gt;  Normal 0   21   false false false  ES-EC X-NONE X-NONE              MicrosoftInternetExplorer4              &lt;![endif]--><!--[if gte mso 9]&gt;                                                                                                                                            &lt;![endif]--><\/p>\n<p class=\"MsoNormal\" style=\"text-align: center\" align=\"center\"><!--[if gte mso 9]&gt;  Normal 0   21   false false false  ES-EC X-NONE X-NONE              MicrosoftInternetExplorer4              &lt;![endif]--><!--[if gte mso 9]&gt;                                                                                                                                            &lt;![endif]--> <!--[if gte mso 9]&gt;  Normal 0   21   false false false  ES-EC X-NONE X-NONE                           &lt;![endif]--><!--[if gte mso 9]&gt;                                                                                                                                            &lt;![endif]--> <!--[if gte mso 10]&gt;-->  <!--[endif]--><\/p>\n<p style=\"text-align: center\" align=\"center\"><strong><span style=\"font-size: 13.5pt;font-family: &quot;Arial&quot;,&quot;sans-serif&quot\">POR QU\u00c9 SOY CAT\u00d3LICO <\/span><\/strong><\/p>\n<p><strong><\/strong><\/p>\n<p><strong>1. Yo soy cat\u00f3lico porque es la Iglesia que Cristo fund\u00f3. <\/strong><\/p>\n<p><strong><span style=\"font-size: 10pt;font-family: &quot;Arial&quot;,&quot;sans-serif&quot\">\u00a1As\u00ed de f\u00e1cil y as\u00ed de sencillo! Todo lo que hace Cristo, lo hace para nuestra salvaci\u00f3n. Si Cristo fund\u00f3 una Iglesia, lo hizo para salvarnos, y todos debemos adherirnos a ella. Lumen Gentium14. Si Cristo no fund\u00f3 ninguna, entonces todas las iglesias son falsas y no debemos pertenecer a ninguna.<\/span><\/strong><\/p>\n<p><strong><span style=\"font-size: 10pt;font-family: &quot;Arial&quot;,&quot;sans-serif&quot\">Por ello, a pesar de que reconocemos los muchos elementos de santidad y verdad en otras iglesias, para el cat\u00f3lico no tiene sentido ni raz\u00f3n el dejar la Iglesia de Cristo para pasarse a otra fundada por un hombre, por m\u00e1s inteligente y famoso que \u00e9ste sea.<\/span><\/strong><\/p>\n<p><strong><span style=\"font-size: 10pt;font-family: &quot;Arial&quot;,&quot;sans-serif&quot\">Cristo nuestro \u00fanico Salvador instituy\u00f3 a su Iglesia Santa... Esta \u00fanica Iglesia subsiste en la Iglesia cat\u00f3lica. (Lumen Gentium n. 8). Esto es l\u00f3gico, si hay un \u00fanico Salvador, debe haber una \u00fanica Iglesia. Yo respeto y reconozco las muchas cosas buenas que hay en otras iglesias cristianas pero yo quiero vivir y morir en la Iglesia que Cristo fund\u00f3<\/span><\/strong><\/p>\n<p><strong><span style=\"font-size: 10pt;font-family: &quot;Arial&quot;,&quot;sans-serif&quot\">2. Yo soy cat\u00f3lico porque mi Iglesia es una familia. <\/span><\/strong><\/p>\n<p><strong><span style=\"font-size: 10pt;font-family: &quot;Arial&quot;,&quot;sans-serif&quot\">Hay quien afirma: \"Yo soy Cristiano de la Biblia y no necesito de la Iglesia\". Pero esto es un error, porque ser cristiano es vivir en comuni\u00f3n con los dem\u00e1s, Dios quiere que nos ayudemos unos a otros en el camino de salvaci\u00f3n.<\/span><\/strong><\/p>\n<p><strong><span style=\"font-size: 10pt;font-family: &quot;Arial&quot;,&quot;sans-serif&quot\">Yahv\u00e9 mand\u00f3 construir una barca a No\u00e9 y se salvaron todos los que estaban dentro. Lee:1Pedro 3,21 No\u00e9 se salv\u00f3 en familia. Por eso la barca es s\u00edmbolo de la Iglesia.<\/span><\/strong><\/p>\n<p><strong><span style=\"font-size: 10pt;font-family: &quot;Arial&quot;,&quot;sans-serif&quot\">Los israelitas se salvaron juntos, con Mois\u00e9s como su jefe y gu\u00eda. La Iglesia es el nuevo pueblo de Dios.Si t\u00fa crees que puedes recorrer solo el desierto usando como mapa tu propia interpretaci\u00f3n de la Biblia, no culpes a Dios si te pierdes. Lee: CIC = Catecismo de la Iglesia Cat\u00f3lica 781 ss. Por eso Cristo no escribi\u00f3 un libro, sino fund\u00f3 una Iglesia. CIC 108 y por eso S. Pablo no llama a la Iglesia \"club de Jes\u00fas\", sino \"cuerpo de Cristo\" para que entiendas que al separarte de su Iglesia te separas de Cristo. Lee: Juan 15, 1-6. <\/span><\/strong><\/p>\n<p><strong><span style=\"font-size: 10pt;font-family: &quot;Arial&quot;,&quot;sans-serif&quot\">3. Yo soy cat\u00f3lico porque en la Iglesia conozco con certeza y totalidad la doctrina de Cristo. <\/span><\/strong><\/p>\n<p><strong><span style=\"font-size: 10pt;font-family: &quot;Arial&quot;,&quot;sans-serif&quot\">Cristo mand\u00f3 a sus ap\u00f3stoles ense\u00f1ar toda su doctrina, a todos, todo el tiempo. Lee: Mateo 28, 16-20. Y a nosotros escucharles a ellos: \"quien a vosotros oye a m\u00ed me oye, quien a vosotros rechaza a m\u00ed me rechaza\". Lee: Lucas 10,16.<\/span><\/strong><\/p>\n<p><strong>Hoy hay muchos que predican a Cristo, y como S. Pablo nos alegramos, pero nosotros queremos escuchar s\u00f3lo a quienes Cristo envi\u00f3. Estos son los ap\u00f3stoles y sus leg\u00edtimos sucesores. Estudia: Lumen Gentium n. 8. <\/strong><\/p>\n<p><strong><span style=\"font-size: 10pt;font-family: &quot;Arial&quot;,&quot;sans-serif&quot\">4. Mi Iglesia es la Casa de Dios. <\/span><\/strong><\/p>\n<p><strong><span style=\"font-size: 10pt;font-family: &quot;Arial&quot;,&quot;sans-serif&quot\">Yo conozco iglesias protestantes muy grandes y bonitas y ah\u00ed Cristo puede hacerse presente si se re\u00fanen en su nombre. Mateo 18,20...Pero no las cambio por la silenciosa, pobre y peque\u00f1a iglesia de mi pueblo, porque ah\u00ed est\u00e1 Cristo realmente presente, bajo las especies Eucar\u00edsticas. Lee: Sacrosantum Concilium n.14. Ah\u00ed puedo hablar con Dios como con un amigo. Lee: Exodo 33,11.<\/span><\/strong><\/p>\n<p><strong>Hay quien dice que todas las iglesias son iguales y es verdad, pero s\u00f3lo por fuera. Por dentro, en mi Iglesia siempre est\u00e1 la l\u00e1mpara encendida en el santuario, s\u00edmbolo de la presencia de Dios. Lee: 1 Samuel 3,3. Con raz\u00f3n dice S. Pablo que la Iglesia es la casa de Dios vivo. Lee: 1 Timoteo 3,15. Yo no estoy dispuesto a dejar la casa de Dios para irme a la casa del vecino. <\/strong><\/p>\n<p><strong><span style=\"font-size: 10pt;font-family: &quot;Arial&quot;,&quot;sans-serif&quot\">5. Yo soy cat\u00f3lico porque es la \u00fanica Iglesia que me ofrece a Cristo como Pan de Vida. <\/span><\/strong><\/p>\n<p><strong><span style=\"font-size: 10pt;font-family: &quot;Arial&quot;,&quot;sans-serif&quot\">Yo no quiero que Cristo me reproche a m\u00ed: \"Vosotros escudri\u00f1\u00e1is las Escrituras...pero no quer\u00e9is venir a m\u00ed para tener vida.\" Lee: Juan 5,39-40. \u00c9l me invita: \"Yo soy el pan de vida,... el que viene a m\u00ed no lo echar\u00e9 fuera\". Lee: Juan 6, 34 y 37.<\/span><\/strong><\/p>\n<p><strong><span style=\"font-size: 10pt;font-family: &quot;Arial&quot;,&quot;sans-serif&quot\">Todas las iglesias cristianas escudri\u00f1an las Escrituras, es verdad, pero s\u00f3lo la Iglesia Cat\u00f3lica me ofrece a Cristo: el Pan de Vida eterna. Lee: Juan 6, 55-58.<\/span><\/strong><\/p>\n<p><strong><span style=\"font-size: 10pt;font-family: &quot;Arial&quot;,&quot;sans-serif&quot\">Si Cristo me dej\u00f3 la Eucarist\u00eda como memorial de su amor, \u00bfc\u00f3mo me voy a olvidar de su amor? Lee: CIC 1380.<\/span><\/strong><\/p>\n<p><strong><span style=\"font-size: 10pt;font-family: &quot;Arial&quot;,&quot;sans-serif&quot\">No hay duda que en todas las iglesias se predican cosas bonitas de Cristo, pero \u00bfqu\u00e9 me pueden dar a cambio de recibir en mi coraz\u00f3n a Cristo realmente presente en la Eucarist\u00eda? <\/span><\/strong><\/p>\n<p><strong><span style=\"font-size: 10pt;font-family: &quot;Arial&quot;,&quot;sans-serif&quot\">6. Yo soy Cat\u00f3lico por que Cristo me encomend\u00f3 a su Madre. <\/span><\/strong><\/p>\n<p><strong><span style=\"font-size: 10pt;font-family: &quot;Arial&quot;,&quot;sans-serif&quot\">El disc\u00edpulo amado al pie de la cruz representaba a todos los cristianos. Si Cristo me dice: \"Ah\u00ed tienes a tu Madre\" \u00bfC\u00f3mo me voy a ir a una iglesia que me dice: \"No, Mar\u00eda no es tu madre\"? Si S. Juan se la llev\u00f3 a su casa \u00bfc\u00f3mo me voy a ir a otra iglesia que ni siquiera me deja tener un cuadro de Mar\u00eda? <\/span><\/strong><\/p>\n<p><strong><span style=\"font-size: 10pt;font-family: &quot;Arial&quot;,&quot;sans-serif&quot\">7. Yo soy cat\u00f3lico por amor a la Verdad. <\/span><\/strong><\/p>\n<p><strong><span style=\"font-size: 10pt;font-family: &quot;Arial&quot;,&quot;sans-serif&quot\">Seg\u00fan el principio protestante de la interpretaci\u00f3n privada de la Escritura, cada quien puede ense\u00f1ar su opini\u00f3n. Yo respeto la opini\u00f3n de los dem\u00e1s, pero Cristo es la Verdad y no la opini\u00f3n. La opini\u00f3n lleva a la confusi\u00f3n y divisi\u00f3n, la verdad a la unidad y certeza.<\/span><\/strong><\/p>\n<p><strong><span style=\"font-size: 10pt;font-family: &quot;Arial&quot;,&quot;sans-serif&quot\">Cristo erigi\u00f3 a su Iglesia como columna y fundamento de la verdad. Lee: 1 Timoteo 3,15. Por eso \"La Iglesia Cat\u00f3lica es la maestra de la verdad, y su misi\u00f3n es exponer y ense\u00f1ar aut\u00e9nticamente la Verdad que es Cristo.\" Dignitatis Humanae n14.<\/span><\/strong><\/p>\n<p><strong><span style=\"font-size: 10pt;font-family: &quot;Arial&quot;,&quot;sans-serif&quot\">Nosotros no negamos que en otras iglesias cristianas haya muchos elementos de verdad. Un trozo de espejo puede muy bien reflejar la luz del sol, pero no por eso voy a dejar al sol para quedarme con su reflejo. <\/span><\/strong><\/p>\n<p><strong><span style=\"font-size: 10pt;font-family: &quot;Arial&quot;,&quot;sans-serif&quot\">8. Yo soy cat\u00f3lico porque me entusiasma el testimonio de sus santos, el hero\u00edsmo de sus m\u00e1rtires, la multitud de sus v\u00edrgenes, el celo de sus predicadores, el ardor de sus misioneros. <\/span><\/strong><\/p>\n<p><strong><span style=\"font-size: 10pt;font-family: &quot;Arial&quot;,&quot;sans-serif&quot\">Hay quien pretende confundirnos mencionando los malos Papas, los malos sacerdotes, la Inquisici\u00f3n, etc. Yo les respondo as\u00ed: \"A m\u00ed ens\u00e9\u00f1ame una Iglesia que tenga m\u00e1s m\u00e1rtires que hayan dado su vida por Cristo, m\u00e1s misioneros que hayan predicado el Evangelio, m\u00e1s mujeres consagradas al servicio de los m\u00e1s pobres, y yo me voy con ella\". Su silencio es elocuente.<\/span><\/strong><\/p>\n<p><strong>S\u00ed, es en la Iglesia Cat\u00f3lica donde yo veo el poder de Cristo m\u00e1s fuerte, la gracia de Cristo m\u00e1s abundante, su santidad m\u00e1s atractiva, su caridad m\u00e1s eficiente, por eso soy y quiero seguir siendo cat\u00f3lico. <\/strong><\/p>\n<p><strong><span style=\"font-size: 10pt;font-family: &quot;Arial&quot;,&quot;sans-serif&quot\">9. Yo soy cat\u00f3lico porque a Cristo no le gustan las divisiones y quiere que todos unidos formemos un solo reba\u00f1o bajo un solo pastor. <\/span><\/strong><\/p>\n<p><strong><span style=\"font-size: 10pt;font-family: &quot;Arial&quot;,&quot;sans-serif&quot\">Jesucristo quiere la unidad. Lee: Juan 17,21. El sectario primero siembra duda y desconfianza, despu\u00e9s corta y separa, y por \u00faltimo acapara.<\/span><\/strong><\/p>\n<p><strong><span style=\"font-size: 10pt;font-family: &quot;Arial&quot;,&quot;sans-serif&quot\">Jesucristo quiere que en su Iglesia haya un solo reba\u00f1o y un solo pastor. Lee: Juan 10,16. Cristo desea que estemos unidos y no divididos en multitud de iglesias al gusto del consumidor. Lee: CIC 820.<\/span><\/strong><\/p>\n<p><strong><span style=\"font-size: 10pt;font-family: &quot;Arial&quot;,&quot;sans-serif&quot\">Los ap\u00f3stoles nos exhortan a la unidad. \"Un solo cuerpo y no miembros divididos, un solo Esp\u00edritu y no muchos esp\u00edritus, una sola esperanza, un solo Se\u00f1or, una sola fe, un solo bautismo, un solo Dios y Padre.\" Lee: Efesios 4,4.<\/span><\/strong><\/p>\n<p><strong><span style=\"font-size: 10pt;font-family: &quot;Arial&quot;,&quot;sans-serif&quot\">Hay algunos cristianos que dicen que ellos s\u00f3lo aceptan la Biblia, y se auto nombran pastores con derecho a formar su propio reba\u00f1o, fundar su propia esperanza, inventar su propia fe y establecer su propio bautismo y, en definitiva, no aceptan otro se\u00f1or\u00edo que el de su propia raz\u00f3n y juicio para interpretar la Biblia. <\/span><\/strong><\/p>\n<p><strong><span style=\"font-size: 10pt;font-family: &quot;Arial&quot;,&quot;sans-serif&quot\">10. Porque mis padres me bautizaron. <\/span><\/strong><\/p>\n<p><strong><span style=\"font-size: 10pt;font-family: &quot;Arial&quot;,&quot;sans-serif&quot\">Yo soy cat\u00f3lico porque mis padres me bautizaron, es verdad, y no me averg\u00fcenzo, porque un padre quiere siempre lo mejor para sus hijos. A otros les heredan dinero, a m\u00ed me heredaron la fe, y no la cambio por todo el oro del mundo. <\/span><\/strong><\/p>\n<p><strong><span style=\"font-size: 10pt;font-family: &quot;Arial&quot;,&quot;sans-serif&quot\">11. Soy cat\u00f3lico por la gracia de Dios. <\/span><\/strong><\/p>\n<p><strong><span style=\"font-size: 10pt;font-family: &quot;Arial&quot;,&quot;sans-serif&quot\">La fe cat\u00f3lica es un talento que Dios te di\u00f3 y te va a pedir cuentas de \u00e9l. T\u00fa eres culpable si lo pierdes por tu negligencia. Lee: Mateo 25, 24-28. Por eso dice Jes\u00fas: \"el que perseverare hasta el fin, \u00e9se se salvar\u00e1.\" Lee: Mateo 10,22.<\/span><\/strong><\/p>\n<p><strong><span style=\"font-size: 10pt;font-family: &quot;Arial&quot;,&quot;sans-serif&quot\">El Papa lo dec\u00eda hace poco con estas palabras: \u00c6La ense\u00f1anza de las sectas y de los nuevos movimientos religiosos,... se opone a la doctrina de la Iglesia cat\u00f3lica; por eso, la adhesi\u00f3n a ellos significar\u00eda renegar de la fe en que hab\u00e9is sido bautizados y educados\". (J. Pablo II al Emigrante).<\/span><\/strong><\/p>\n<p style=\"text-align: center\"><strong><span style=\"font-size: 12pt;font-family: &quot;Times New Roman&quot;,&quot;serif&amp;quot\"><img loading=\"lazy\" decoding=\"async\" class=\"aligncenter\" src=\"http:\/\/blog.espol.edu.ec\/hamaguay\/files\/2009\/12\/2-200x300.jpg\" alt=\"\" width=\"200\" height=\"300\" \/><\/span><\/strong><\/p>\n<p><strong><\/strong><\/p>\n<p><strong><span style=\"font-size: 10pt;font-family: &quot;Arial&quot;,&quot;sans-serif&quot\">Si la fe es un talento de Dios, entonces tengo el compromiso de conservar, fortalecer y multiplicar mi fe evangelizando a los dem\u00e1s. Esto me ayuda adem\u00e1s, a entender que no basta tener argumentos, es necesaria la luz de Dios para acercar a otros a la fe. Por ello te voy a dar varios consejos:<\/span><\/strong><\/p>\n<p><strong><span style=\"font-size: 10pt;font-family: &quot;Arial&quot;,&quot;sans-serif&quot\">* Estudia tu fe.<\/span><\/strong><\/p>\n<p><strong><span style=\"font-size: 10pt;font-family: &quot;Arial&quot;,&quot;sans-serif&quot\">La Iglesia Cat\u00f3lica no tiene miedo de la verdad, lo \u00fanico que teme es la ignorancia.<\/span><\/strong><\/p>\n<p><strong><span style=\"font-size: 10pt;font-family: &quot;Arial&quot;,&quot;sans-serif&quot\">Mart\u00edn vend\u00eda piedras del desierto para coleccionistas. Un d\u00eda, un ge\u00f3logo entr\u00f3 a su tienda para comprar un recuerdo para sus hijos. Tom\u00f3 una que le llam\u00f3 la atenci\u00f3n y pregunt\u00f3: \"\u00bfCu\u00e1nto vale esta?\" - \"Todas valen 20 d\u00f3lares, pero como esa no es muy bonita se la dejo en 10\". El cliente pag\u00f3 el precio y de ah\u00ed se dirigi\u00f3 al Banco a depositarla: Era un zafiro en bruto que val\u00eda m\u00e1s de un mill\u00f3n de d\u00f3lares, pero Mart\u00edn ignoraba su valor. <\/span><\/strong><\/p>\n<p><strong><span style=\"font-size: 10pt;font-family: &quot;Arial&quot;,&quot;sans-serif&quot\">* Pract\u00edcala.<\/span><\/strong><\/p>\n<p><strong><span style=\"font-size: 10pt;font-family: &quot;Arial&quot;,&quot;sans-serif&quot\">Muchos cambian su fe porque nunca la practicaron. La fe no entusiasma sino al que la vive.<\/span><\/strong><\/p>\n<p><strong><span style=\"font-size: 10pt;font-family: &quot;Arial&quot;,&quot;sans-serif&quot\">En esa misma l\u00ednea el Papa dec\u00eda hace poco: \"Uno de los motivos que pueden llevar a acoger las proposiciones de esos nuevos movimientos religiosos es la poca coherencia con que algunos cristianos viven su compromiso cristiano, y tambi\u00e9n el deseo de una vida cristiana m\u00e1s fervorosa, que se espera experimentar en determinada secta, cuando la comunidad que se frecuenta est\u00e1 poco comprometida.<\/span><\/strong><\/p>\n<p><strong><span style=\"font-size: 10pt;font-family: &quot;Arial&quot;,&quot;sans-serif&quot\">Pero se trata de un enga\u00f1o. Del malestar interior antes mencionado, se sale mediante una verdadera conversi\u00f3n interior, seg\u00fan el evangelio y no afili\u00e1ndose irreflexivamente a esa clase de grupos\".(J. Pablo II, Jornada Mundial del Emigrante).<\/span><\/strong><\/p>\n<p><strong><span style=\"font-size: 10pt;font-family: &quot;Arial&quot;,&quot;sans-serif&quot\">* Comp\u00e1rtela.<\/span><\/strong><\/p>\n<p><strong><span style=\"font-size: 10pt;font-family: &quot;Arial&quot;,&quot;sans-serif&quot\">La fe se fortalece d\u00e1ndola.<\/span><\/strong><\/p>\n<p><strong><span style=\"font-size: 10pt;font-family: &quot;Arial&quot;,&quot;sans-serif&quot\">La fuerza de las sectas est\u00e1 en el silencio y en la inacci\u00f3n de los cat\u00f3licos. La verdad no necesita ni de gritos ni de alharacas, se impone por s\u00ed misma, basta predicarla con claridad y vigor. Cumple tu deber de evangelizar repartiendo los folletos de Fe y Evangelio y ora antes de hacerlo para que Cristo bendiga tu trabajo. <\/span><\/strong><\/p>\n<p style=\"text-align: center\" align=\"center\"><strong><span style=\"font-size: 10pt;font-family: &quot;Arial&quot;,&quot;sans-serif&quot\">EL CONCILIO NOS HABLA. <\/span><\/strong><\/p>\n<p><strong><span style=\"font-size: 10pt;font-family: &quot;Arial&quot;,&quot;sans-serif&quot\">El Concilio reconoce que fuera de la Iglesia Cat\u00f3lica se encuentran muchos elementos de santidad y verdad, y nos sentimos unidos a esos hermanos en Cristo (Lumen gentium n. 8.) Pero con igual firmeza afirma que la plenitud de gracia y de verdad fue confiada a la Iglesia Cat\u00f3lica, y a esta Iglesia el Se\u00f1or confi\u00f3 todos los bienes de la Nueva Alianza (Unitatis redintegratio n. 3.)<\/span><\/strong><\/p>\n<p><strong><span style=\"font-size: 10pt;font-family: &quot;Arial&quot;,&quot;sans-serif&quot\">Todos ense\u00f1an verdades, unos menos, otros m\u00e1s, pero la Iglesia Cat\u00f3lica es la que me gu\u00eda a toda la verdad (Lumen Gentium n. 4.) Ella, por voluntad de Cristo, es maestra de la verdad (Dignitatis humanae n. 14.)<\/span><\/strong><\/p>\n<p><strong><span style=\"font-size: 10pt;font-family: &quot;Arial&quot;,&quot;sans-serif&quot\">La Iglesia reconoce que hay muchos que honran la Sagrada Escritura como norma de fe y vida (Lumen gentium n. 15), pero afirma que a esa escritura va unida la Tradici\u00f3n y el Magisterio de modo que ninguno puede subsistir sin los otros. (Dei Verbum n. 10)<\/span><\/strong><\/p>\n<p><strong><span style=\"font-size: 10pt;font-family: &quot;Arial&quot;,&quot;sans-serif&quot\">Como las grandes obras maestras, a la Iglesia de Cristo todos la imitan, pero ninguno la iguala ni supera, porque es obra de Cristo. <\/span><\/strong><\/p>\n<p style=\"text-align: center\" align=\"center\"><strong><span style=\"font-size: 10pt;font-family: &quot;Arial&quot;,&quot;sans-serif&quot\">ORACI\u00d3N <\/span><\/strong><\/p>\n<p><strong><span style=\"font-size: 10pt;font-family: &quot;Arial&quot;,&quot;sans-serif&quot\">Se\u00f1or Jes\u00fas, no dejes que los cuervos de la duda se coman la semilla de la fe que T\u00fa plantaste en mi coraz\u00f3n; ni sea ahogada por las espinas de mis propias pasiones, sino que a trav\u00e9s del estudio y del testimonio, eche ra\u00edces en mi coraz\u00f3n y d\u00e9 mucho fruto. Amen. <\/span><\/strong><\/p>\n<p class=\"MsoNormal\"><span style=\"font-size: 12pt;font-family: &quot;Times New Roman&quot;,&quot;serif&quot\">Fuente:<\/span> <span style=\"font-size: 12pt;font-family: &quot;Times New Roman&quot;,&quot;serif&quot\"><a href=\"http:\/\/www.poraccioncatolica.com.ar\/doctri\/doctri23.htm\">http:\/\/www.poraccioncatolica.com.ar\/doctri\/doctri23.htm<\/a><\/span><\/p>\n<p><strong><\/strong><\/p>\n<p><strong><\/strong><\/p>\n<p class=\"MsoNormal\"><span style=\"font-size: 12pt\"> <\/span><\/p>\n<p class=\"MsoNormal\"><span style=\"font-size: 9pt;font-family: &quot;Times New Roman&quot;,&quot;serif&amp;quot\"> <\/span><\/p>\n<p class=\"MsoNormal\"><span style=\"font-size: 8pt;font-family: &quot;Times New Roman&quot;,&quot;serif&amp;quot\"> <\/span><\/p>\n<p class=\"style4\"><span style=\"font-size: 8pt\"> <\/span><\/p>\n<p class=\"MsoNormal\"><span style=\"font-size: 8pt;font-family: &quot;Times New Roman&quot;,&quot;serif&amp;quot\"> <\/span><\/p>\n<p style=\"text-align: center\"><object width=\"425\" height=\"344\" data=\"http:\/\/www.youtube.com\/v\/6ny4xN3aVtA&amp;hl=en_US&amp;fs=1&amp;\" type=\"application\/x-shockwave-flash\"><param name=\"allowFullScreen\" value=\"true\" \/><param name=\"allowscriptaccess\" value=\"always\" \/><param name=\"src\" value=\"http:\/\/www.youtube.com\/v\/6ny4xN3aVtA&amp;hl=en_US&amp;fs=1&amp;\" \/><param name=\"allowfullscreen\" value=\"true\" \/><\/object><\/p>\n","protected":false},"excerpt":{"rendered":"<p>POR QU\u00c9 SOY CAT\u00d3LICO 1. Yo soy cat\u00f3lico porque es la Iglesia que Cristo fund\u00f3. \u00a1As\u00ed de f\u00e1cil y as\u00ed de sencillo! Todo lo que hace Cristo, lo hace para nuestra salvaci\u00f3n. Si Cristo fund\u00f3 una Iglesia, lo hizo para salvarnos, y todos debemos adherirnos a ella. Lumen Gentium14. Si Cristo no fund\u00f3 ninguna, entonces [&hellip;]<\/p>\n","protected":false},"author":2543,"featured_media":0,"comment_status":"open","ping_status":"open","sticky":false,"template":"","format":"standard","meta":{"footnotes":""},"categories":[13740],"tags":[],"class_list":["post-44","post","type-post","status-publish","format-standard","hentry","category-only-my-god"],"_links":{"self":[{"href":"https:\/\/blog.espol.edu.ec\/hamaguay\/wp-json\/wp\/v2\/posts\/44","targetHints":{"allow":["GET"]}}],"collection":[{"href":"https:\/\/blog.espol.edu.ec\/hamaguay\/wp-json\/wp\/v2\/posts"}],"about":[{"href":"https:\/\/blog.espol.edu.ec\/hamaguay\/wp-json\/wp\/v2\/types\/post"}],"author":[{"embeddable":true,"href":"https:\/\/blog.espol.edu.ec\/hamaguay\/wp-json\/wp\/v2\/users\/2543"}],"replies":[{"embeddable":true,"href":"https:\/\/blog.espol.edu.ec\/hamaguay\/wp-json\/wp\/v2\/comments?post=44"}],"version-history":[{"count":10,"href":"https:\/\/blog.espol.edu.ec\/hamaguay\/wp-json\/wp\/v2\/posts\/44\/revisions"}],"predecessor-version":[{"id":51,"href":"https:\/\/blog.espol.edu.ec\/hamaguay\/wp-json\/wp\/v2\/posts\/44\/revisions\/51"}],"wp:attachment":[{"href":"https:\/\/blog.espol.edu.ec\/hamaguay\/wp-json\/wp\/v2\/media?parent=44"}],"wp:term":[{"taxonomy":"category","embeddable":true,"href":"https:\/\/blog.espol.edu.ec\/hamaguay\/wp-json\/wp\/v2\/categories?post=44"},{"taxonomy":"post_tag","embeddable":true,"href":"https:\/\/blog.espol.edu.ec\/hamaguay\/wp-json\/wp\/v2\/tags?post=44"}],"curies":[{"name":"wp","href":"https:\/\/api.w.org\/{rel}","templated":true}]}}