{"id":82,"date":"2010-01-27T16:56:59","date_gmt":"2010-01-27T20:56:59","guid":{"rendered":"http:\/\/blog.espol.edu.ec\/hamaguay\/?p=82"},"modified":"2010-02-23T11:28:41","modified_gmt":"2010-02-23T15:28:41","slug":"guayaquil-y-su-turismo","status":"publish","type":"post","link":"https:\/\/blog.espol.edu.ec\/hamaguay\/2010\/01\/27\/guayaquil-y-su-turismo\/","title":{"rendered":"Guayaquil y su turismo....."},"content":{"rendered":"<p><!--[if gte mso 9]&gt;  Normal 0   21   false false false  ES-EC X-NONE X-NONE              MicrosoftInternetExplorer4              &lt;![endif]--><!--[if gte mso 9]&gt;                                                                                                                                            &lt;![endif]--> <!--[if gte mso 10]&gt;--> <!--[endif]--><\/p>\n<p style=\"text-align: center\" align=\"center\"><img loading=\"lazy\" decoding=\"async\" class=\"aligncenter size-full wp-image-85\" src=\"http:\/\/blog.espol.edu.ec\/hamaguay\/files\/2010\/01\/banderaguayaquil.gif\" alt=\"Bandera de Guayaquil\" width=\"131\" height=\"93\" \/><\/p>\n<p style=\"text-align: center\" align=\"center\"><strong>Guayaquil y sus lugares tur\u00edsticos\u2026\u2026.<\/strong><\/p>\n<p style=\"text-align: center\" align=\"center\"><strong><img loading=\"lazy\" decoding=\"async\" class=\"aligncenter size-medium wp-image-87\" src=\"http:\/\/blog.espol.edu.ec\/hamaguay\/files\/2010\/01\/1-300x183.jpg\" alt=\"\" width=\"300\" height=\"183\" srcset=\"https:\/\/blog.espol.edu.ec\/hamaguay\/files\/2010\/01\/1-300x183.jpg 300w, https:\/\/blog.espol.edu.ec\/hamaguay\/files\/2010\/01\/1.jpg 457w\" sizes=\"auto, (max-width: 300px) 100vw, 300px\" \/><br \/>\n<\/strong><\/p>\n<p style=\"text-align: center\" align=\"center\">\n<p><strong>Guayaquil<\/strong>, oficialmente <strong>Santiago de Guayaquil<\/strong>, es la ciudad m\u00e1s poblada de la Rep\u00fablica del Ecuador. El <em>\u00e1rea urbana de Guayaquil<\/em> se alinea entre las ciudades m\u00e1s grandes de Am\u00e9rica Latina. Es adem\u00e1s un importante centro de comercio con influencia a nivel regional en el \u00e1mbito comercial, de finanzas, cultural, y de entretenimiento. La ciudad es la cabecera cantonal del cant\u00f3n hom\u00f3nimo y la capital de la provincia del Guayas.Localizado en la costa del Pac\u00edfico en la regi\u00f3n litoral de Ecuador.<\/p>\n<p class=\"MsoNormal\" style=\"text-align: left\" align=\"left\"><strong><em><span style=\"font-size: 12pt;font-family: &quot;Times New Roman&quot;,&quot;serif&amp;quot\">Puerto Santa Ana\u00a0 <img loading=\"lazy\" decoding=\"async\" class=\"alignright size-medium wp-image-88\" src=\"http:\/\/blog.espol.edu.ec\/hamaguay\/files\/2010\/01\/3-241x300.jpg\" alt=\"3\" width=\"241\" height=\"300\" srcset=\"https:\/\/blog.espol.edu.ec\/hamaguay\/files\/2010\/01\/3-241x300.jpg 241w, https:\/\/blog.espol.edu.ec\/hamaguay\/files\/2010\/01\/3.jpg 475w\" sizes=\"auto, (max-width: 241px) 100vw, 241px\" \/><\/span><\/em><\/strong><\/p>\n<p class=\"MsoNormal\" style=\"text-align: left\" align=\"left\"><span style=\"font-size: 12pt;font-family: &quot;Times New Roman&quot;,&quot;serif&amp;quot\">A orillas del magestuoso R\u00edo Guayas, sobre la ciudad de Guayaquil, nace el imponente Malec\u00f3n Sim\u00f3n Bol\u00edvar, con una extenci\u00f3n de 2.5km de largo, este importante atractivo tur\u00edstico de la ciudad es considerado un \u201cpilar hist\u00f3rico\u201d de Guayaquil, su historia misma se remonta al s.XVII, para esta \u00e9poca surhe simplemente con el nombre de \u201ccalle de la orilla\u201d sirviendo de atracdero de embarcaciones para el trasporte fluvial de productos.<\/span><\/p>\n<p class=\"MsoNormal\" style=\"text-align: left\" align=\"left\"><span style=\"font-size: 12pt;font-family: &quot;Times New Roman&quot;,&quot;serif&amp;quot\"><span> <\/span><strong><em>Malec\u00f3n del Estero Salado<\/em><\/strong><\/span><\/p>\n<p>El Malec\u00f3n del Estero Salado forma un gran circuito tur\u00edstico con el Malec\u00f3n 2000, gracias a la regenerada y emblem\u00e1tica avenida 9 de Octubre se conectan formando un corredor que es visita obligada de turistas que deseen conocer los malecones del r\u00edo y del estero.<\/p>\n<p>La construcci\u00f3n del Malec\u00f3n del Estero Salado es una obra paralela a las acciones de la Muy Ilustre Municipalidad de Guayaquil que pretenden recuperar y rehabilitar este brazo de mar que en otros tiempos fue un balneario muy concurrido.<\/p>\n<p>En \u00e9sta parte de la ciudad usted podr\u00e1 disfrutar de la vista de la avenida 9 de Octubre, de locales de comida, el Parque de la Ciudadela Ferroviaria, el Parque Guayaquil y la compa\u00f1\u00eda del estero. Siendo este otro centro de recreaci\u00f3n familiar.<\/p>\n<p class=\"MsoNormal\" style=\"text-align: left\" align=\"left\"><strong><em><span style=\"font-size: 12pt;font-family: &quot;Times New Roman&quot;,&quot;serif&amp;quot\">El Malec\u00f3n del R\u00edo Guayas<\/span><\/em><\/strong><\/p>\n<p class=\"MsoNormal\" style=\"text-align: left\" align=\"left\"><span style=\"font-size: 12pt;font-family: &quot;Times New Roman&quot;,&quot;serif&amp;quot\">El Malec\u00f3n es un pilar hist\u00f3rico de la ciudad, ya que desde \u00e9l se expandi\u00f3 su crecimiento y a los inicios de la urbe tuvo un importante papel en su desarrollo y embellecimiento.<br \/>\nLuego, en una \u00e9poca, por imprudencias del destino estuvo desligado de Guayaquil; pero siendo lo que fue, se rescat\u00f3 y renov\u00f3, d\u00e1ndole un nuevo brillo a la ciudad.<br \/>\nAhora es un honor para los guayaquile\u00f1os poder disfrutar de los colores del Malec\u00f3n y desde \u00e9l, los de la r\u00eda.<br \/>\nEl Malec\u00f3n 2000 ha vuelto a ser el coraz\u00f3n de la ciudad y quiere compartir con todos sus hu\u00e9spedes la maravilla de su paisaje. No puede visitar Guayaquil sin conocerlo por primera vez o nuevamente.<br \/>\nEsta dividido en sectores, los mismos que muestran la variedad de las grandezas de Guayaquil, cada uno de ellos con un color diferente. As\u00ed en su comienzo muestra la diversidad de banderas del Ecuador con un colorido contrastante, para que el \u201cPalacio de Cristal\u201d que muestre con sencillez su imponente mirada.<\/span><\/p>\n<p class=\"MsoNormal\" style=\"text-align: left\" align=\"left\"><strong><em><span style=\"font-size: 12pt;font-family: &quot;Times New Roman&quot;,&quot;serif&amp;quot\">Barrio Las Pe\u00f1as<\/span><\/em><\/strong><\/p>\n<p class=\"MsoNormal\" style=\"text-align: left\" align=\"left\"><span style=\"font-size: 12pt;font-family: &quot;Times New Roman&quot;,&quot;serif&amp;quot\">El barrio Las Pe\u00f1as es el m\u00e1s antiguo de la ciudad, y en la actualidad est\u00e1 siendo reparado para lucirse como una vez fue. En \u00e9l siempre hay actividades culturales y exposiciones. Ubicado junto al r\u00edo ilumina la ciudad desde esta punta. A continuaci\u00f3n se destacan sus encantos.<br \/>\nLas Pe\u00f1as es hist\u00f3ricamente el barrio m\u00e1s importante de Guayaquil, pues aunque sus casas solamente tienen alrededor de 100 a\u00f1os, sus caracter\u00edsticas formales y estructurales son muy parecidas a aquellas de los siglos XVIII y XIX.<br \/>\nCada una de las casas tiene su propia historia. Aqu\u00ed vivieron personajes ilustres de la pol\u00edtica y la cultura del pa\u00eds, como el m\u00fasico Antonio Neumane, los presidentes Francisco Robles, Jos\u00e9 Luis Tamayo, Carlos Julio Arosemena Tola, Alfredo Baquerizo Moreno, Eloy Alfaro, el escritor Enrique Gil Gilbert, el historiador Rafael Pino Roca, el pintor Manuel Rend\u00f3n Seminario, Alfredo Espinosa Tamayo, Juan Montalvo, la educadora Rita Lecumberry, e inclusive Ernesto \u201cChe\u201d Guevara estuvo de paso por este barrio y sirvi\u00f3 gratuitamente de pediatra entre su gente. Tambi\u00e9n fue la cuna de industriales, amas de casa, pescadores y marineros, personajes que nutren de vida la cotidianidad de la ciudad.<br \/>\nA fines de los sesenta, Luis Hidalgo Baquerizo y Eloy Avil\u00e9s Alfaro fueron los pioneros en realizar exposiciones art\u00edsticas en Las Pe\u00f1as. Mostraban a pintores j\u00f3venes, cuadros de la Escuela Quite\u00f1a y r\u00e9plicas de Monard, Rembrandt o Renault, cada 24 de julio en la noche. Esto es solo un ejemplo de la intensa vida cultural que siempre ha tenido el barrio.<\/span><\/p>\n<p class=\"MsoNormal\" style=\"text-align: left\" align=\"left\"><strong><em><span style=\"font-size: 12pt;font-family: &quot;Times New Roman&quot;,&quot;serif&amp;quot\">El Cerro Santa Ana y El Faro<\/span><\/em><\/strong><\/p>\n<p>El cerro Santa Ana est\u00e1 ubicado al noreste de la ciudad, al pie del R\u00edo Guayas y junto al tradicional Barrio las Pe\u00f1as. A manera de atalaya, domina el caudaloso r\u00edo Guayas y la planicie donde se levanta Guayaquil. Abarca una superficie aproximada de 13,50 hect\u00e1reas, en las que se desarroll\u00f3 un proceso de regeneraci\u00f3n urbana para beneficiar a su poblaci\u00f3n, estimada en 4.105 habitantes.<\/p>\n<p>El Cerro, llamado antiguamente Cerrito Verde, es el sitio donde se origin\u00f3 la ciudad, ya que en sus faldas se produjo su definitiva fundaci\u00f3n en 1547. Cuenta la leyenda que Nino de Lecumberri, espa\u00f1ol buscador de tesoros, invoc\u00f3 a Santa Ana cuando se encontraba en peligro de muerte. En agradecimiento coloc\u00f3 una Cruz con la leyenda \u201cSanta Ana\u201d en la cima del cerro, nombre que sustituy\u00f3 desde entonces al de Cerrito Verde.<\/p>\n<p>En la actualidad, el Cerro Santa Ana es un punto de inter\u00e9s tur\u00edstico de la ciudad. En un recorrido de 310 metros se encuentran restaurantes, caf\u00e9s, galer\u00edas de arte, cibercaf\u00e9s y tiendas de artesan\u00edas. Est\u00e1 dotado de plazoletas adem\u00e1s de \u00e1reas verdes para la recreaci\u00f3n y el descanso, y su m\u00e1s importante atractivo es la vista de la majestuosa Guayaquil.<\/p>\n<p>Desde su cima se observa, al norte, la imponente intersecci\u00f3n de los r\u00edos Babahoyo y Daule que forman al Guayas; al sur, el casco comercial de la ciudad; al este, la Isla Santay y Dur\u00e1n; y, al oeste el Cerro del Carmen y el resto de la ciudad.<\/p>\n<p>El Cerro Santa Ana es el pasado hist\u00f3rico de Guayaquil, su presente encantador y su futuro promisorio. Son 456 escalones con atractivos restaurantes, gentes, servicios, historia y mucho m\u00e1s; cada paso ascendente o descendente, en un ambiente seguro, lo pondr\u00e1 en contacto con la magia del lugar.<\/p>\n<p class=\"MsoNormal\" style=\"text-align: left\" align=\"left\"><strong><em><span style=\"font-size: 12pt;font-family: &quot;Times New Roman&quot;,&quot;serif&amp;quot\">Plazas,parques,monumentos e iglesias<img loading=\"lazy\" decoding=\"async\" class=\"alignright size-medium wp-image-89\" src=\"http:\/\/blog.espol.edu.ec\/hamaguay\/files\/2010\/01\/catedral-199x300.jpg\" alt=\"Catedral\" width=\"199\" height=\"300\" srcset=\"https:\/\/blog.espol.edu.ec\/hamaguay\/files\/2010\/01\/catedral-199x300.jpg 199w, https:\/\/blog.espol.edu.ec\/hamaguay\/files\/2010\/01\/catedral.jpg 333w\" sizes=\"auto, (max-width: 199px) 100vw, 199px\" \/><\/span><\/em><\/strong><\/p>\n<p class=\"MsoNormal\" style=\"text-align: left\" align=\"left\"><span style=\"font-size: 12pt;font-family: &quot;Times New Roman&quot;,&quot;serif&amp;quot\">Guayaquil se embellece gracias a sus plazas y parques los que permiten, a m\u00e1s de contar la historia, disfrutar de la ciudad con las bondades de su d\u00eda a d\u00eda.<br \/>\nLos guayaquile\u00f1os disfrutan de las caminatas y el paseo que ofrecen las plazas, est\u00e1 invitado a caminar y conocer un poco m\u00e1s esta querida ciudad.<\/span><\/p>\n<p><strong>Plaza C\u00edvica<\/strong><strong><span style=\"font-weight: normal\"> <\/span><\/strong><br \/>\nEs visitada por turistas de todo el mundo y por guayaquile\u00f1os a la par, consiste en un complejo de parques, museos y tiendas comerciales a lo largo de 2.5 Km. en el malec\u00f3n del r\u00edo Guayas, en pleno centro de la ciudad.<br \/>\nEst\u00e1 separada en secciones: \u201cPlaza C\u00edvica\u201d, construida en torno al tradicional monumento de \u201cLa Rotonda\u201d que recuerda la c\u00e9lebre entrevista entre los libertadores Sim\u00f3n Bol\u00edvar y Jos\u00e9 de San Mart\u00edn.<br \/>\n\u201cBah\u00eda Malec\u00f3n\u201d, que consiste en un centro comercial, zona de recreaci\u00f3n y ejercicios y los \u201cJardines del Malec\u00f3n\u201d que ofrece al visitante un inmensa gama de plantas y \u00e1rboles junto al r\u00edo con la facilidad de restaurantes y caf\u00e9s..<\/p>\n<p><strong>Parque Seminario o de las Iguanas<\/strong><strong><span style=\"font-weight: normal\"> <\/span><\/strong><br \/>\nEst\u00e1 ubicado en lo que hace trescientos a\u00f1os era el coraz\u00f3n del Guayaquil colonial, manteniendo a\u00fan esa atm\u00f3sfera de antig\u00fcedad cl\u00e1sica que lo hace tan especial.<\/p>\n<p>En la actualidad se lo conoce tambi\u00e9n como <strong><span style=\"font-weight: normal\">Parque de las Iguanas<\/span><\/strong> \u2013 por la gran cantidad de iguanas que viven en \u00e9l - est\u00e1 invitado a conocer un poco de la historia de este parque y los diferentes nombres que ha recibido.<br \/>\nNace como<strong><span style=\"font-weight: normal\"> \u201cPlaza de Armas\u201d<\/span><\/strong> en 1695 y as\u00ed se mantiene frente a la antigua iglesia matriz hasta que esta es transformada en catedral en 1838, a\u00f1o en el que, se asume, se iniciaron en \u00e9l ciertos cambios.<\/p>\n<p><strong>Parque Centenario<\/strong><br \/>\nDivide en dos a la Av. 9 de Octubre, v\u00eda principal de la ciudad y calle comercial por excelencia. Est\u00e1 en el coraz\u00f3n de la ciudad y en ella pasan miles de personas al d\u00eda.<\/p>\n<p>Es especialmente concurrida los fines de semana, pues a lo largo de ella se puede encontrar numerosas tiendas, pizzer\u00edas, fuentes de soda, restaurantes y varias oficinas de l\u00edneas a\u00e9reas y agencias de viajes.<br \/>\nEn su parte central se encuentra la Columna de los Pr\u00f3ceres, que rinde homenaje de esta manera a los h\u00e9roes y mentalizadores de la emancipaci\u00f3n local y regional. En la columna se encuentra transcrita el Acta de Independencia de la ciudad del 9 de Octubre de 1820.<br \/>\nAl visitar el parque, tambi\u00e9n podr\u00e1 caminar a lo largo de la Av. 9 de Octubre; este paseo es muy com\u00fan y querido por los guayaquile\u00f1os.<br \/>\n<strong><span style=\"font-weight: normal\">Direcci\u00f3n<\/span><\/strong>: Av. 9 de Octubre y Lorenzo de Garaycoa.<\/p>\n<p class=\"MsoNormal\" style=\"text-align: left\" align=\"left\"><strong><span style=\"font-size: 12pt\">Plaza San Francisco<\/span><\/strong><strong><span style=\"font-size: 12pt;font-weight: normal\"> <\/span><\/strong><span style=\"font-size: 12pt;font-family: &quot;Times New Roman&quot;,&quot;serif&amp;quot\"><br \/>\nEst\u00e1 ubicada en la Av. 9 de Octubre y Pedro Carbo y en el centro se levanta la estatua del eximio tribuno guayaquile\u00f1o, Don Vicente Rocafuerte.<br \/>\nEn la actualidad la plaza es lugar de exposiciones al aire libre y de obras de teatro, as\u00ed como de festejos populares y m\u00edtines pol\u00edticos. Lugar preferido por los turistas para fotografiarse debido a su peculiar estilo y a la cantidad de palomas que all\u00ed habitan. Caminando un poco m\u00e1s se pueden encontrar artesan\u00edas realizadas por otavale\u00f1os y si se quiere probar suerte tambi\u00e9n aqu\u00ed est\u00e1n los locales en los que se venden los boletos de la Loter\u00eda Nacional.<\/span><\/p>\n<p><strong>Plaza Col\u00f3n<\/strong><strong><span style=\"font-weight: normal\"> <\/span><\/strong><br \/>\nUbicada en el emplazamiento de la \u00faltima Plaza de Armas que tuvo Ciudad Vieja, la Plaza Col\u00f3n lleva el nombre que le diera el concejo de 1892, para el tiempo en el que se pretend\u00eda levantar un monumento al descubridor de Am\u00e9rica. Frente a ella se encuentra el \u201cFort\u00edn de la Planchada\u201d, antiguo baluarte colonial reconstruido en 1906 y desde el cual se realizaba la defensa de la ciudad.<\/p>\n<p>Una muy antigua historia, cuenta de la extraordinaria defensa de la ciudad, realizada por el pueblo guayaquile\u00f1o en este sitio alrededor del a\u00f1o 1624, cuando los piratas holandeses, liderados por el capit\u00e1n Gubernat, intentaron por dos ocasiones saquear la urbe. En la refriega, muchos soldados perdieron la vida, incluyendo a su capit\u00e1n y a\u00fan cuando vencieron la ciudad queda completamente destruida.<\/p>\n<p><strong>Parque Guayaquil \/ Plaza Baquerizo Moreno<\/strong><br \/>\nUbicado al noreste de la ciudad y colindando con el Estero Salado, este gran parque ocupa el espacio que anta\u00f1o cubriera al memorable American Park, que pertenece a la familia Baquerizo Moreno y que a su vez fuera construido sobre las antiguas instalaciones de \u201cLos Ba\u00f1os del Salado\u201d, balneario que hizo las delicias de los guayaquile\u00f1os de mediados del siglo XIX.<br \/>\nCuando uno camina por este extenso parque, pude apreciarse una fresca y juvenil atm\u00f3sfera y escucharse el lejano eco de tiempos pasados cuando el terreno era ocupado por el American Park. Podr\u00edamos decir que este es un parque para la juventud, pues es frecuentado por los estudiantes de la cercana Universidad Estatal y tambi\u00e9n por colegiales.<br \/>\n<strong><span style=\"font-weight: normal\">Direcci\u00f3n<\/span><\/strong>: Av. 9 de Octubre y Estero Salado (junto al Guayaquil Tennis Club)<\/p>\n<p><strong>Parque de la Kennedy<\/strong><strong><span style=\"font-weight: normal\"> <\/span><\/strong><br \/>\nAqu\u00ed se encuentra la estatua de Clemente Yerovi Indaburu, ex presidente de la Naci\u00f3n, cuya l\u00facida y brillante actuaci\u00f3n (en s\u00f3lo 6 meses que estuvo encargado del poder), permitieron que Guayaquil pueda contar con el gran puente sobre el r\u00edo Guayas. Conocido como \u201cEl Puente de la Unidad Nacional\u201d.<br \/>\nUn espacio de naturaleza en medio de la ciudad, muy visitado por deportistas, pues tiene acondicionada una pista para correr, adem\u00e1s de espacios e instalaciones confortables para hacer ejercicios.<br \/>\nAdem\u00e1s de contar con espacios recreativos para ni\u00f1os.<br \/>\n<strong><span style=\"font-weight: normal\">Direcci\u00f3n<\/span><\/strong>: Av. del Periodista.<\/p>\n<p><strong>Parque Forestal o Centro C\u00edvico<\/strong><br \/>\nEst\u00e1 ocupando el antiguo emplazamiento del \u201cParque Municipal\u201d. Es el parque m\u00e1s grande del sur de la ciudad.<br \/>\nPosee una funcional estructura para la realizaci\u00f3n de convenciones y exposiciones, un teatro en donde se dan conciertos de artistas nacionales e internacionales, recitales, obras de teatro, entre otras.<br \/>\nEs adornado con un monumento obra del pintor y escultor ecuatoriano, Oswaldo Guayasam\u00edn. Posee espacios de recreaci\u00f3n y juegos infantiles.<br \/>\n<strong><span style=\"font-weight: normal\">Direcci\u00f3n<\/span><\/strong>: Av. Quito y El Oro.<\/p>\n<p><strong>Parque San Agust\u00edn<\/strong><br \/>\nEs peque\u00f1o como un pu\u00f1o, su nombre se debe a la Iglesia hom\u00f3nima que est\u00e1 al frente.<br \/>\nEste es el parque del poeta de Guayaquil, Medardo \u00c1ngel Silva, pues una estatua lo recuerda en el momento en que la muerte lo arranca de una vida plagada de tristes y hermosos versos.<br \/>\n<strong><span style=\"font-weight: normal\">Direcci\u00f3n<\/span><\/strong>: Luis Urdaneta y Pedro Moncayo.<\/p>\n<p><!--[if gte mso 9]&gt;  Normal 0   21   false false false  ES-EC X-NONE X-NONE                           &lt;![endif]--><!--[if gte mso 9]&gt;                                                                                                                                            &lt;![endif]--><br \/>\nFuente: <a href=\"http:\/\/www.guayaquilguides.com\/\">http:\/\/www.guayaquilguides.com\/<\/a><\/p>\n<p class=\"MsoNormal\" style=\"text-align: left\" align=\"left\"><span style=\"font-size: 12pt;font-family: &quot;Times New Roman&quot;,&quot;serif&amp;quot\"> <\/span><\/p>\n<p style=\"text-align: center\"><object width=\"427\" height=\"346\" data=\"http:\/\/www.youtube.com\/v\/S-AjAA_3bmo&amp;hl=en_US&amp;fs=1&amp;\" type=\"application\/x-shockwave-flash\"><param name=\"allowFullScreen\" value=\"true\" \/><param name=\"allowscriptaccess\" value=\"always\" \/><param name=\"src\" value=\"http:\/\/www.youtube.com\/v\/S-AjAA_3bmo&amp;hl=en_US&amp;fs=1&amp;\" \/><param name=\"allowfullscreen\" value=\"true\" \/><\/object><\/p>\n","protected":false},"excerpt":{"rendered":"<p>Guayaquil y sus lugares tur\u00edsticos\u2026\u2026. Guayaquil, oficialmente Santiago de Guayaquil, es la ciudad m\u00e1s poblada de la Rep\u00fablica del Ecuador. El \u00e1rea urbana de Guayaquil se alinea entre las ciudades m\u00e1s grandes de Am\u00e9rica Latina. Es adem\u00e1s un importante centro de comercio con influencia a nivel regional en el \u00e1mbito comercial, de finanzas, cultural, y [&hellip;]<\/p>\n","protected":false},"author":2543,"featured_media":0,"comment_status":"open","ping_status":"open","sticky":false,"template":"","format":"standard","meta":{"footnotes":""},"categories":[15607],"tags":[],"class_list":["post-82","post","type-post","status-publish","format-standard","hentry","category-turismo-en-general"],"_links":{"self":[{"href":"https:\/\/blog.espol.edu.ec\/hamaguay\/wp-json\/wp\/v2\/posts\/82","targetHints":{"allow":["GET"]}}],"collection":[{"href":"https:\/\/blog.espol.edu.ec\/hamaguay\/wp-json\/wp\/v2\/posts"}],"about":[{"href":"https:\/\/blog.espol.edu.ec\/hamaguay\/wp-json\/wp\/v2\/types\/post"}],"author":[{"embeddable":true,"href":"https:\/\/blog.espol.edu.ec\/hamaguay\/wp-json\/wp\/v2\/users\/2543"}],"replies":[{"embeddable":true,"href":"https:\/\/blog.espol.edu.ec\/hamaguay\/wp-json\/wp\/v2\/comments?post=82"}],"version-history":[{"count":4,"href":"https:\/\/blog.espol.edu.ec\/hamaguay\/wp-json\/wp\/v2\/posts\/82\/revisions"}],"predecessor-version":[{"id":224,"href":"https:\/\/blog.espol.edu.ec\/hamaguay\/wp-json\/wp\/v2\/posts\/82\/revisions\/224"}],"wp:attachment":[{"href":"https:\/\/blog.espol.edu.ec\/hamaguay\/wp-json\/wp\/v2\/media?parent=82"}],"wp:term":[{"taxonomy":"category","embeddable":true,"href":"https:\/\/blog.espol.edu.ec\/hamaguay\/wp-json\/wp\/v2\/categories?post=82"},{"taxonomy":"post_tag","embeddable":true,"href":"https:\/\/blog.espol.edu.ec\/hamaguay\/wp-json\/wp\/v2\/tags?post=82"}],"curies":[{"name":"wp","href":"https:\/\/api.w.org\/{rel}","templated":true}]}}