{"id":28,"date":"2016-10-23T20:07:48","date_gmt":"2016-10-24T01:07:48","guid":{"rendered":"http:\/\/blog.espol.edu.ec\/haperez\/?p=28"},"modified":"2016-10-25T07:56:25","modified_gmt":"2016-10-25T12:56:25","slug":"futbo-y-musica-una-relacion-natural","status":"publish","type":"post","link":"https:\/\/blog.espol.edu.ec\/haperez\/2016\/10\/23\/futbo-y-musica-una-relacion-natural\/","title":{"rendered":"F\u00fatbol y m\u00fasica, una relaci\u00f3n natural"},"content":{"rendered":"<p style=\"text-align: justify\">\"La relaci\u00f3n entre el f\u00fatbol y la m\u00fasica es algo perfectamente natural\u201d. En el caso de los futbolistas es claro que adem\u00e1s de la inteligencia corporal cinest\u00e9sica, obviamente necesaria, deben tener un buen desarrollo de la inteligencia espacial para moverse dentro del campo de juego e inevitablemente para tener una referencia de los objetos del entorno para poder transformarlos. Coincidencialmente est\u00e1 ubicada en el hemisferio derecho del cerebro, al igual que la inteligencia musical, lo que permite que haya una buena conexi\u00f3n entre ellas.<\/p>\n<div id=\"attachment_29\" style=\"width: 310px\" class=\"wp-caption aligncenter\"><img loading=\"lazy\" decoding=\"async\" aria-describedby=\"caption-attachment-29\" class=\"size-medium wp-image-29\" src=\"http:\/\/blog.espol.edu.ec\/haperez\/files\/2016\/10\/kun_aguero_y_los_leales-300x152.jpg\" alt=\"Sergio \u2018Kun\u2019 Ag\u00fcero en el video de la canci\u00f3n que grab\u00f3 junto a Los Leales.\" width=\"300\" height=\"152\" srcset=\"https:\/\/blog.espol.edu.ec\/haperez\/files\/2016\/10\/kun_aguero_y_los_leales-300x152.jpg 300w, https:\/\/blog.espol.edu.ec\/haperez\/files\/2016\/10\/kun_aguero_y_los_leales.jpg 630w\" sizes=\"auto, (max-width: 300px) 100vw, 300px\" \/><p id=\"caption-attachment-29\" class=\"wp-caption-text\">Sergio \u2018Kun\u2019 Ag\u00fcero en el video de la canci\u00f3n que grab\u00f3 junto a Los Leales.<\/p><\/div>\n","protected":false},"excerpt":{"rendered":"<p>\"La relaci\u00f3n entre el f\u00fatbol y la m\u00fasica es algo perfectamente natural\u201d. En el caso de los futbolistas es claro que adem\u00e1s de la inteligencia corporal cinest\u00e9sica, obviamente necesaria, deben tener un buen desarrollo de la inteligencia espacial para moverse dentro del campo de juego e inevitablemente para tener una referencia de los objetos del [&hellip;]<\/p>\n","protected":false},"author":10538,"featured_media":0,"comment_status":"open","ping_status":"open","sticky":false,"template":"","format":"standard","meta":{"footnotes":""},"categories":[818],"tags":[],"class_list":["post-28","post","type-post","status-publish","format-standard","hentry","category-sin-categoria"],"_links":{"self":[{"href":"https:\/\/blog.espol.edu.ec\/haperez\/wp-json\/wp\/v2\/posts\/28","targetHints":{"allow":["GET"]}}],"collection":[{"href":"https:\/\/blog.espol.edu.ec\/haperez\/wp-json\/wp\/v2\/posts"}],"about":[{"href":"https:\/\/blog.espol.edu.ec\/haperez\/wp-json\/wp\/v2\/types\/post"}],"author":[{"embeddable":true,"href":"https:\/\/blog.espol.edu.ec\/haperez\/wp-json\/wp\/v2\/users\/10538"}],"replies":[{"embeddable":true,"href":"https:\/\/blog.espol.edu.ec\/haperez\/wp-json\/wp\/v2\/comments?post=28"}],"version-history":[{"count":3,"href":"https:\/\/blog.espol.edu.ec\/haperez\/wp-json\/wp\/v2\/posts\/28\/revisions"}],"predecessor-version":[{"id":65,"href":"https:\/\/blog.espol.edu.ec\/haperez\/wp-json\/wp\/v2\/posts\/28\/revisions\/65"}],"wp:attachment":[{"href":"https:\/\/blog.espol.edu.ec\/haperez\/wp-json\/wp\/v2\/media?parent=28"}],"wp:term":[{"taxonomy":"category","embeddable":true,"href":"https:\/\/blog.espol.edu.ec\/haperez\/wp-json\/wp\/v2\/categories?post=28"},{"taxonomy":"post_tag","embeddable":true,"href":"https:\/\/blog.espol.edu.ec\/haperez\/wp-json\/wp\/v2\/tags?post=28"}],"curies":[{"name":"wp","href":"https:\/\/api.w.org\/{rel}","templated":true}]}}