{"id":9,"date":"2010-06-25T12:58:27","date_gmt":"2010-06-25T12:58:27","guid":{"rendered":"http:\/\/blog.espol.edu.ec\/haqueved\/?p=9"},"modified":"2010-09-15T17:21:03","modified_gmt":"2010-09-15T17:21:03","slug":"poemas-de-victor-hugo","status":"publish","type":"post","link":"https:\/\/blog.espol.edu.ec\/haqueved\/2010\/06\/25\/poemas-de-victor-hugo\/","title":{"rendered":"Poemas de Victor Hugo"},"content":{"rendered":"<p style=\"text-align: center\"><strong>A una mujer<\/strong><\/p>\n<p style=\"text-align: center\"><strong>\u00a1Ni\u00f1a!, si yo fuera rey dar\u00eda mi reino,<br \/>\nmi trono, mi cetro y mi pueblo arrodillado,<br \/>\nmi corona de oro, mis piscinas de p\u00f3rfido,<br \/>\ny mis flotas, para las que no bastar\u00eda el mar,<br \/>\npor una mirada tuya.<\/strong><\/p>\n<p style=\"text-align: center\"><strong>Si yo fuera Dios, la tierra y las olas,<br \/>\nlos \u00e1ngeles, los demonios sujetos a mi ley.<br \/>\nY el profundo caos de profunda entra\u00f1a,<br \/>\nla eternidad, el espacio, los cielos, los mundos<br \/>\n\u00a1dar\u00eda por un beso tuyo!<\/strong><\/p>\n<p style=\"text-align: center\"><strong>La belleza y la muerte son dos cosas profundas...<\/strong><\/p>\n<p style=\"text-align: center\"><strong>La belleza y la muerte son dos cosas profundas,<br \/>\ncon tal parte de sombra y de azul que dir\u00edanse<br \/>\ndos hermanas terribles a la par que fecundas,<br \/>\ncon el mismo secreto, con id\u00e9ntico enigma.<\/strong><\/p>\n<p style=\"text-align: center\"><strong>Oh, mujeres, oh voces, oh miradas, cabellos,<br \/>\ntrenzas rubias, brillad, yo me muero, tened<br \/>\nluz, amor, sed las perlas que el mar mezcla a sus aguas,<br \/>\naves hechas de luz en los bosques sombr\u00edos.<\/strong><\/p>\n<p style=\"text-align: center\"><strong>M\u00e1s cercanos, Judith, est\u00e1n nuestros destinos<br \/>\nde lo que se supone al ver nuestros dos rostros;<br \/>\nel abismo divino aparece en tus ojos,<\/strong><\/p>\n<p style=\"text-align: center\"><strong>y yo siento la sima estrellada en el alma;<br \/>\nmas del cielo los dos s\u00e9 que estamos muy cerca,<br \/>\nt\u00fa porque eres hermosa, yo porque soy muy viejo.<\/strong><\/p>\n","protected":false},"excerpt":{"rendered":"<p>A una mujer \u00a1Ni\u00f1a!, si yo fuera rey dar\u00eda mi reino, mi trono, mi cetro y mi pueblo arrodillado, mi corona de oro, mis piscinas de p\u00f3rfido, y mis flotas, para las que no bastar\u00eda el mar, por una mirada tuya. Si yo fuera Dios, la tierra y las olas, los \u00e1ngeles, los demonios sujetos [&hellip;]<\/p>\n","protected":false},"author":4935,"featured_media":0,"comment_status":"open","ping_status":"open","sticky":false,"template":"","format":"standard","meta":{"footnotes":""},"categories":[274],"tags":[],"class_list":["post-9","post","type-post","status-publish","format-standard","hentry","category-poesia"],"_links":{"self":[{"href":"https:\/\/blog.espol.edu.ec\/haqueved\/wp-json\/wp\/v2\/posts\/9","targetHints":{"allow":["GET"]}}],"collection":[{"href":"https:\/\/blog.espol.edu.ec\/haqueved\/wp-json\/wp\/v2\/posts"}],"about":[{"href":"https:\/\/blog.espol.edu.ec\/haqueved\/wp-json\/wp\/v2\/types\/post"}],"author":[{"embeddable":true,"href":"https:\/\/blog.espol.edu.ec\/haqueved\/wp-json\/wp\/v2\/users\/4935"}],"replies":[{"embeddable":true,"href":"https:\/\/blog.espol.edu.ec\/haqueved\/wp-json\/wp\/v2\/comments?post=9"}],"version-history":[{"count":2,"href":"https:\/\/blog.espol.edu.ec\/haqueved\/wp-json\/wp\/v2\/posts\/9\/revisions"}],"predecessor-version":[{"id":11,"href":"https:\/\/blog.espol.edu.ec\/haqueved\/wp-json\/wp\/v2\/posts\/9\/revisions\/11"}],"wp:attachment":[{"href":"https:\/\/blog.espol.edu.ec\/haqueved\/wp-json\/wp\/v2\/media?parent=9"}],"wp:term":[{"taxonomy":"category","embeddable":true,"href":"https:\/\/blog.espol.edu.ec\/haqueved\/wp-json\/wp\/v2\/categories?post=9"},{"taxonomy":"post_tag","embeddable":true,"href":"https:\/\/blog.espol.edu.ec\/haqueved\/wp-json\/wp\/v2\/tags?post=9"}],"curies":[{"name":"wp","href":"https:\/\/api.w.org\/{rel}","templated":true}]}}