{"id":142,"date":"2010-11-23T11:08:41","date_gmt":"2010-11-23T16:08:41","guid":{"rendered":"http:\/\/blog.espol.edu.ec\/hbazurto\/?p=142"},"modified":"2010-11-25T00:32:08","modified_gmt":"2010-11-25T05:32:08","slug":"historia-de-manta-una-de-las-principales-ciudades-de-la-provincia-y-el-pais","status":"publish","type":"post","link":"https:\/\/blog.espol.edu.ec\/hbazurto\/2010\/11\/23\/historia-de-manta-una-de-las-principales-ciudades-de-la-provincia-y-el-pais\/","title":{"rendered":"HISTORIA DE MANTA.... UNA DE LAS PRINCIPALES CIUDADES DE LA PROVINCIA Y EL PAIS"},"content":{"rendered":"<p>La cultura Jocay \u2013 La conquista espa\u00f1ola \u2013 Fundaci\u00f3n de Portoviejo \u2013 Montecristi y Alfaro<\/p>\n<table border=\"0\" cellspacing=\"0\" cellpadding=\"0\">\n<tbody>\n<tr>\n<td width=\"450\" valign=\"top\">\n<li><strong>Culturas precolombinas<\/strong>Para los arque\u00f3logos Manab\u00ed es una zona privilegiada. En esta provincia se<br \/>\nhan efectuado importantes descubrimientos arqueol\u00f3gicos que han determinado la<br \/>\nexistencia de muy antiguas culturas.<\/p>\n<p>Las m\u00e1s antiguas son las del llamado<br \/>\nPer\u00edodo Formativo (4.000 a.C), Valdivia, Machalilla, Chorrera. Las del per\u00edodo<br \/>\ndel desarrollo regional son Bah\u00eda y Guangala; del per\u00edodo de integraci\u00f3n:<br \/>\nChirije y Mante\u00f1a.<\/li>\n<li><strong>La cultura Mante\u00f1a<\/strong><br \/>\nLa<br \/>\ncultura Mante\u00f1a-Huancavilca est\u00e1 en el per\u00edodo de Integraci\u00f3n 9500 a 1.500 a\u00f1os<br \/>\nd.C.) lo que significa que fue la \u00faltima cultura precolombina en esta regi\u00f3n y<br \/>\nla que sufri\u00f3 el impacto de la llegada de los conquistadores.Esta cultura se habr\u00eda asentado en un vasto territorio que inclu\u00eda al de los huancavilcas que Emilio estrada consider\u00f3 Mante\u00f1os del sur. Abarcar\u00eda entonces la faja costanera de El Oro y todo el litoral mar\u00edtimo de la provincia de Manab\u00ed y del sur de Esmeraldas. Parece que esta cultura se fusion\u00f3 con la cultura Milagro-Quevedo.<\/p>\n<p>Los arque\u00f3logos Emilio Estrada y Francisco Huerta Rend\u00f3n consideran que los<br \/>\nHuncavilcas son parte de la cultura o confederaci\u00f3n mante\u00f1a cuya existencia ya<br \/>\nconjetur\u00f3 Jacinto Jij\u00f3n cuando habl\u00f3 de la \u201cconfederaci\u00f3n de los mercaderes\u201d que<br \/>\nfueron intr\u00e9pidos navegantes a lo largo de las costas del per\u00fa y Ecuador.<\/p>\n<p>Nadie<br \/>\ndiscute hoy el hecho de que la cultura Mante\u00f1a-Huancavilca fue de agricultores,<br \/>\nnavegantes y pescadores. La agricultura intensiva, excedentes de alimentos,<br \/>\nprovoc\u00f3 el comercio e incentiv\u00f3 los viajes marinos estructurando una sociedad<br \/>\nestratificada.<\/li>\n<li><strong>La cultura Jocay<\/strong><br \/>\nSe sabe<br \/>\nque la actual ciudad de Manta se construy\u00f3 sobre los restos de una poblaci\u00f3n<br \/>\nmante\u00f1a huancavilca llamada JOCAY (JO=Pez; CAY=casa) o sea la casa de los peces.\u201cPedro Pizarro -hermano de Francisco- describe a Jocay como una ciudad grande en<br \/>\nla que se llegaba al templo por una gran avenida a cuyos lados se levantaban<br \/>\nestatuas de 2,50 mts. de altura construidas en piedra, que representaba a sus<br \/>\njefes y sacerdotes desnudos de cuerpo, raz\u00f3n por la cual un sacerdote espa\u00f1ol<br \/>\nlas mand\u00f3 a destruir\u201d (\u201cLa confederaci\u00f3n Mante\u00f1a\u201d, Viliufo Cede\u00f1o). Jocay ser\u00eda<br \/>\nun centro administrativo, comercial, artesanal y sede de un culto religioso.<\/li>\n<li><strong>La conquista espa\u00f1ola<\/strong><br \/>\nEn<br \/>\n1526 Bartolom\u00e9 Ruiz, Francisco Pizarro y sus compa\u00f1eros fueron los primeros<br \/>\nespa\u00f1oles que desde Panam\u00e1 llegaron al sitio que se llama Cojim\u00edes. A partir de<br \/>\nese a\u00f1o, son frecuentes las llegadas de los conquistadores a las costas de<br \/>\nManab\u00ed. Pizarro vuelve en 1527 y 1531; Pedro de Alvarado en 1534 y Francisco<br \/>\nPacheco en 1535.La expedici\u00f3n de Pedro de Alvarado fue de crimen y de rapi\u00f1a.<br \/>\nApenas puso el conquistador los pies en tierra comenz\u00f3 a saquear y desbastar las<br \/>\npoblaciones, a pesar de que los abor\u00edgenes lo recibieron en son de paz.<\/p>\n<p>Cay\u00f3<br \/>\nsorpresivamente en la poblaci\u00f3n de Jocay, tom\u00f3 prisionero al cacique Lligua<br \/>\nTohall\u00ed a quien posteriormente ahorca y arrebata jarrones llenos de oro, plata y<br \/>\nesmeraldas. Alvarado tuvo conocimiento de las grandes riquezas que hab\u00eda en el<br \/>\nReino de Quito, y permaneci\u00f3 cuatro meses en Manab\u00ed dej\u00e1ndola asolada por los<br \/>\ndesmanes de los conquistadores.<\/li>\n<li><strong>Fundaci\u00f3n de Portoviejo<\/strong><br \/>\nEn<br \/>\nvirtud de una orden de Francisco Pizarro, Diego de Almagro orden\u00f3 al capit\u00e1n<br \/>\nFrancisco Pacheco que fundara una ciudad en la regi\u00f3n de los mantas. Con esta<br \/>\nfinalidad, Pacheco sali\u00f3 de la ciudad de Piura en 1935 y desembarc\u00f3 en Picoaz\u00e1<br \/>\nque era una poblaci\u00f3n aborigen situada en la desembocadura del r\u00edo Portoviejo.Desde \u00e9ste sitio avanz\u00f3 dos leguas tierra adentro para fundar la poblaci\u00f3n a<br \/>\nnombre del emperador Carlos V de Alemania y I de Espa\u00f1a, con el nombre de Villa<br \/>\nNueva de San Gregorio de Portoviejo, en honra del Pont\u00edfice de la Iglesia cuya<br \/>\nfiesta se celebra en ese d\u00eda: 12 de marzo de 1535. En 1535 Portoviejo era una de<br \/>\nlas siete Tenencias del Corregimiento de Guayaquil y se compon\u00eda de seis<br \/>\nparroquias: Montecristi, Charapot\u00f3, Picoaz\u00e1, Jipijapa, Pichota y Manta.<\/p>\n<p><img loading=\"lazy\" decoding=\"async\" class=\"aligncenter\" title=\"UBICACION DE MANTA\" src=\"http:\/\/www.manabi.gov.ec\/images08\/canton-manta2.jpg\" alt=\"mapa geografico\" width=\"550\" height=\"380\" \/><\/li>\n<li><strong>Montecristi y Alfaro<\/strong><br \/>\nLa ciudad de Montecristi se extiende a las faldas del cerro de su propio nombre y se encuentra a cien metros, sobre el nivel del mar. Fue fundada en 1741 y en junio de 1824 fue elevada a la categor\u00eda de cabecera cantonal.En un tiempo Montecristi fue tambi\u00e9n capital de la provincia. En esta poblaci\u00f3n, el 25 de junio de 1842 naci\u00f3 Eloy Alfaro, el caudillo que inici\u00f3 y consolid\u00f3 la revoluci\u00f3n liberal del Ecuador despu\u00e9s de muchas batallas y derrotas.<\/p>\n<p>En Montecristi puede visitarse la casa de Alfaro y en el pueblo cercano de<br \/>\nJaramij\u00f3, en el sitio denominado Balsamaragua, pueden verse los restos del barco Alajuela en donde estuvo Alfaro en la batalla naval del 6 de diciembre de 1884.<br \/>\nPara no caer en manos del enemigo Alfaro incendi\u00f3 su barco y se lanz\u00f3 al mar.<\/p>\n<p>A m\u00e1s de su importancia hist\u00f3rica, Montecristi es el emporio de la artesan\u00eda<br \/>\nmanabita de la paja toquilla, el mimbre y el bejuco. La tradici\u00f3n del hombre de Montecristi no ha variado y en la regi\u00f3n se conserva una hist\u00f3rica vocaci\u00f3n<br \/>\nartesanal.<\/p>\n<p>FUENTE : <a href=\"http:\/\/www.manabi.gov.ec\/datos-manabi\/historia\">MANABI.GOV<\/a><\/li>\n<\/td>\n<\/tr>\n<\/tbody>\n<\/table>\n<form id=\"vozme_form_99c9b057fbb24256be6161f734e0c374\" method=\"post\" name=\"vozme_form_99c9b057fbb24256be6161f734e0c374\" target=\"99c9b057fbb24256be6161f734e0c374\" action=\"http:\/\/vozme.com\/text2voice.php\"><input name=\"text\" type=\"hidden\" value=\"HISTORIA DE MANTA.... UNA DE LAS PRINCIPALES CIUDADES DE LA PROVINCIA Y EL PAIS. La cultura Jocay \u2013 La conquista espa\u00f1ola \u2013 Fundaci\u00f3n de Portoviejo \u2013 Montecristi y Alfaro\n\n\n\n\nCulturas precolombinasPara los arque\u00f3logos Manab\u00ed es una zona privilegiada. En esta provincia se\nhan efectuado importantes descubrimientos arqueol\u00f3gicos que han determinado la\nexistencia de muy antiguas culturas.\nLas m\u00e1s antiguas son las del llamado\nPer\u00edodo Formativo (4.000 a.C), Valdivia, Machalilla, Chorrera. Las del per\u00edodo\ndel desarrollo regional son Bah\u00eda y Guangala; del per\u00edodo de integraci\u00f3n:\nChirije y Mante\u00f1a.\nLa cultura Mante\u00f1a\nLa\ncultura Mante\u00f1a-Huancavilca est\u00e1 en el per\u00edodo de Integraci\u00f3n 9500 a 1.500 a\u00f1os\nd.C.) lo que significa que fue la \u00faltima cultura precolombina en esta regi\u00f3n y\nla que sufri\u00f3 el impacto de la llegada de los conquistadores.Esta cultura se habr\u00eda asentado en un vasto territorio que inclu\u00eda al de los huancavilcas que Emilio estrada consider\u00f3 Mante\u00f1os del sur. Abarcar\u00eda entonces la faja costanera de El Oro y todo el litoral mar\u00edtimo de la provincia de Manab\u00ed y del sur de Esmeraldas. Parece que esta cultura se fusion\u00f3 con la cultura Milagro-Quevedo.\nLos arque\u00f3logos Emilio Estrada y Francisco Huerta Rend\u00f3n consideran que los\nHuncavilcas son parte de la cultura o confederaci\u00f3n mante\u00f1a cuya existencia ya\nconjetur\u00f3 Jacinto Jij\u00f3n cuando habl\u00f3 de la \u201cconfederaci\u00f3n de los mercaderes\u201d que\nfueron intr\u00e9pidos navegantes a lo largo de las costas del per\u00fa y Ecuador.\nNadie\ndiscute hoy el hecho de que la cultura Mante\u00f1a-Huancavilca fue de agricultores,\nnavegantes y pescadores. La agricultura intensiva, excedentes de alimentos,\nprovoc\u00f3 el comercio e incentiv\u00f3 los viajes marinos estructurando una sociedad\nestratificada.\nLa cultura Jocay\nSe sabe\nque la actual ciudad de Manta se construy\u00f3 sobre los restos de una poblaci\u00f3n\nmante\u00f1a huancavilca llamada JOCAY (JO=Pez; CAY=casa) o sea la casa de los peces.\u201cPedro Pizarro -hermano de Francisco- describe a Jocay como una ciudad grande en\nla que se llegaba al templo por una gran avenida a cuyos lados se levantaban\nestatuas de 2,50 mts. de altura construidas en piedra, que representaba a sus\njefes y sacerdotes desnudos de cuerpo, raz\u00f3n por la cual un sacerdote espa\u00f1ol\nlas mand\u00f3 a destruir\u201d (\u201cLa confederaci\u00f3n Mante\u00f1a\u201d, Viliufo Cede\u00f1o). Jocay ser\u00eda\nun centro administrativo, comercial, artesanal y sede de un culto religioso.\nLa conquista espa\u00f1ola\nEn\n1526 Bartolom\u00e9 Ruiz, Francisco Pizarro y sus compa\u00f1eros fueron los primeros\nespa\u00f1oles que desde Panam\u00e1 llegaron al sitio que se llama Cojim\u00edes. A partir de\nese a\u00f1o, son frecuentes las llegadas de los conquistadores a las costas de\nManab\u00ed. Pizarro vuelve en 1527 y 1531; Pedro de Alvarado en 1534 y Francisco\nPacheco en 1535.La expedici\u00f3n de Pedro de Alvarado fue de crimen y de rapi\u00f1a.\nApenas puso el conquistador los pies en tierra comenz\u00f3 a saquear y desbastar las\npoblaciones, a pesar de que los abor\u00edgenes lo recibieron en son de paz.\nCay\u00f3\nsorpresivamente en la poblaci\u00f3n de Jocay, tom\u00f3 prisionero al cacique Lligua\nTohall\u00ed a quien posteriormente ahorca y arrebata jarrones llenos de oro, plata y\nesmeraldas. Alvarado tuvo conocimiento de las grandes riquezas que hab\u00eda en el\nReino de Quito, y permaneci\u00f3 cuatro meses en Manab\u00ed dej\u00e1ndola asolada por los\ndesmanes de los conquistadores.\nFundaci\u00f3n de Portoviejo\nEn\nvirtud de una orden de Francisco Pizarro, Diego de Almagro orden\u00f3 al capit\u00e1n\nFrancisco Pacheco que fundara una ciudad en la regi\u00f3n de los mantas. Con esta\nfinalidad, Pacheco sali\u00f3 de la ciudad de Piura en 1935 y desembarc\u00f3 en Picoaz\u00e1\nque era una poblaci\u00f3n aborigen situada en la desembocadura del r\u00edo Portoviejo.Desde \u00e9ste sitio avanz\u00f3 dos leguas tierra adentro para fundar la poblaci\u00f3n a\nnombre del emperador Carlos V de Alemania y I de Espa\u00f1a, con el nombre de Villa\nNueva de San Gregorio de Portoviejo, en honra del Pont\u00edfice de la Iglesia cuya\nfiesta se celebra en ese d\u00eda: 12 de marzo de 1535. En 1535 Portoviejo era una de\nlas siete Tenencias del Corregimiento de Guayaquil y se compon\u00eda de seis\nparroquias: Montecristi, Charapot\u00f3, Picoaz\u00e1, Jipijapa, Pichota y Manta.\n\nMontecristi y Alfaro\nLa ciudad de Montecristi se extiende a las faldas del cerro de su propio nombre y se encuentra a cien metros, sobre el nivel del mar. Fue fundada en 1741 y en junio de 1824 fue elevada a la categor\u00eda de cabecera cantonal.En un tiempo Montecristi fue tambi\u00e9n capital de la provincia. En esta poblaci\u00f3n, el 25 de junio de 1842 naci\u00f3 Eloy Alfaro, el caudillo que inici\u00f3 y consolid\u00f3 la revoluci\u00f3n liberal del Ecuador despu\u00e9s de muchas batallas y derrotas.\nEn Montecristi puede visitarse la casa de Alfaro y en el pueblo cercano de\nJaramij\u00f3, en el sitio denominado Balsamaragua, pueden verse los restos del barco Alajuela en donde estuvo Alfaro en la batalla naval del 6 de diciembre de 1884.\nPara no caer en manos del enemigo Alfaro incendi\u00f3 su barco y se lanz\u00f3 al mar.\nA m\u00e1s de su importancia hist\u00f3rica, Montecristi es el emporio de la artesan\u00eda\nmanabita de la paja toquilla, el mimbre y el bejuco. La tradici\u00f3n del hombre de Montecristi no ha variado y en la regi\u00f3n se conserva una hist\u00f3rica vocaci\u00f3n\nartesanal.\nFUENTE : MANABI.GOV\n\n\n\n\n\" \/><input name=\"lang\" type=\"hidden\" value=\"en\" \/><input name=\"gn\" type=\"hidden\" value=\"ml\" \/><input type=\"hidden\" id=\"interface\" name=\"interface\" value=\"full\" \/>\n\t\t\t<div style=\"margin-left:40%;\">\n\t\t\t\n\t\t\t\t<input style=\"float:left;\" type=\"image\" width=\"40\" height=\"40\" src=\"http:\/\/blog.espol.edu.ec\/hbazurto\/wp-content\/plugins\/vozme\/img\/megaphone40x40w.gif\" alt=\"Hear this post\" onclick=\"window.open('', '99c9b057fbb24256be6161f734e0c374', 'width=600,height=370,scrollbars=yes,location=yes,menubar=yes,resizable=yes,status=yes,toolbar=yes');\">\n\t\t\t\t<div style=\"margin-left:48px; text-align:left;\"><a style=\"font-size:12px;\" href=\"javascript:void(0);\" onclick=\"window.open('', '99c9b057fbb24256be6161f734e0c374', 'width=600,height=370,scrollbars=yes,location=yes,menubar=yes,resizable=yes,status=yes,toolbar=yes'); document.getElementById('vozme_form_99c9b057fbb24256be6161f734e0c374').submit();\">Hear<br\/>this post<\/a><\/div>\n\t\t\t<\/div><\/form>","protected":false},"excerpt":{"rendered":"<p>La cultura Jocay \u2013 La conquista espa\u00f1ola \u2013 Fundaci\u00f3n de Portoviejo \u2013 Montecristi y Alfaro Culturas precolombinasPara los arque\u00f3logos Manab\u00ed es una zona privilegiada. En esta provincia se han efectuado importantes descubrimientos arqueol\u00f3gicos que han determinado la existencia de muy antiguas culturas. Las m\u00e1s antiguas son las del llamado Per\u00edodo Formativo (4.000 a.C), Valdivia, Machalilla, [&hellip;]<\/p>\n","protected":false},"author":3187,"featured_media":0,"comment_status":"open","ping_status":"open","sticky":false,"template":"","format":"standard","meta":{"footnotes":""},"categories":[17,439],"tags":[],"class_list":["post-142","post","type-post","status-publish","format-standard","hentry","category-general","category-personal"],"_links":{"self":[{"href":"https:\/\/blog.espol.edu.ec\/hbazurto\/wp-json\/wp\/v2\/posts\/142","targetHints":{"allow":["GET"]}}],"collection":[{"href":"https:\/\/blog.espol.edu.ec\/hbazurto\/wp-json\/wp\/v2\/posts"}],"about":[{"href":"https:\/\/blog.espol.edu.ec\/hbazurto\/wp-json\/wp\/v2\/types\/post"}],"author":[{"embeddable":true,"href":"https:\/\/blog.espol.edu.ec\/hbazurto\/wp-json\/wp\/v2\/users\/3187"}],"replies":[{"embeddable":true,"href":"https:\/\/blog.espol.edu.ec\/hbazurto\/wp-json\/wp\/v2\/comments?post=142"}],"version-history":[{"count":3,"href":"https:\/\/blog.espol.edu.ec\/hbazurto\/wp-json\/wp\/v2\/posts\/142\/revisions"}],"predecessor-version":[{"id":181,"href":"https:\/\/blog.espol.edu.ec\/hbazurto\/wp-json\/wp\/v2\/posts\/142\/revisions\/181"}],"wp:attachment":[{"href":"https:\/\/blog.espol.edu.ec\/hbazurto\/wp-json\/wp\/v2\/media?parent=142"}],"wp:term":[{"taxonomy":"category","embeddable":true,"href":"https:\/\/blog.espol.edu.ec\/hbazurto\/wp-json\/wp\/v2\/categories?post=142"},{"taxonomy":"post_tag","embeddable":true,"href":"https:\/\/blog.espol.edu.ec\/hbazurto\/wp-json\/wp\/v2\/tags?post=142"}],"curies":[{"name":"wp","href":"https:\/\/api.w.org\/{rel}","templated":true}]}}