{"id":148,"date":"2010-11-24T22:14:35","date_gmt":"2010-11-25T03:14:35","guid":{"rendered":"http:\/\/blog.espol.edu.ec\/hbazurto\/?p=148"},"modified":"2010-11-30T09:57:29","modified_gmt":"2010-11-30T14:57:29","slug":"fundacion-de-portoviejo","status":"publish","type":"post","link":"https:\/\/blog.espol.edu.ec\/hbazurto\/2010\/11\/24\/fundacion-de-portoviejo\/","title":{"rendered":"FUNDACION DE PORTOVIEJO"},"content":{"rendered":"<p>Es algo rom\u00e1ntica la narraci\u00f3n escolar que escuchamos a menudo,  acerca de la acci\u00f3n de clavar el estandarte y la cruz en el suelo  declarando de esta manera la fundaci\u00f3n de una ciudad. La creaci\u00f3n de un  asiento de blancos era algo mucho m\u00e1s complejo que obedec\u00eda a una serie  de circunstancias y a un proceso legal. No de otra manera se explica el  que hayan sido pocas las ciudades realmente fundadas por los blancos.<\/p>\n<p>Los espa\u00f1oles que invadieron Am\u00e9rica estaban respaldados legalmente  por la Corona, pero en realidad constitu\u00edan empresas privadas que  buscaban una rentabilidad, lo que muestra los primeros signos del  nacimiento del capitalismo europeo. La Corona autorizaba entonces a su  principal, a crear una Gobernaci\u00f3n y dentro de ellas a fundar ciudades  para la residencia de espa\u00f1oles, regidas estas por el Cabildo que s\u00f3lo  podr\u00eda ser constituido por espa\u00f1oles para gobernar la ciudad y  territorios pr\u00f3ximos. Tas este hecho, lo que se buscaba era controlar un  espacio para dirigir desde all\u00ed la conquista y consolidar el proyecto  colonial, lo cual les permitir\u00eda extraer riquezas y usar fuerza de  trabajo, adem\u00e1s de cristianizarla.<\/p>\n<p>Portoviejo se fund\u00f3 para servir como centro de abastecimiento de  comestibles de las huestes espa\u00f1oles que ven\u00edan a la invasi\u00f3n y  conquista del Per\u00fa, pues entre otras cosas ten\u00edan abundancia de ma\u00edz, un  producto f\u00e1cil de conservar. Se fund\u00f3 tambi\u00e9n para controlar el gran  Se\u00f1or\u00edo de Canceb\u00ed y constituirse en un hito de frontera de la  Gobernaci\u00f3n de Pizarro, que<a href=\"http:\/\/es.wikipedia.org\/wiki\/Pedro_de_Alvarado\"> Pedro de Alvarado<\/a>, otro conquistador, intentaba arrebatar.<\/p>\n<p><a title=\"Pedro de Alvarado\" href=\"http:\/\/es.wikipedia.org\/wiki\/Pedro_de_Alvarado\">Pedro de Alvarado<\/a> llega a un acuerdo por <a title=\"Diego de Almagro\" href=\"http:\/\/es.wikipedia.org\/wiki\/Diego_de_Almagro\" target=\"_self\">Diego de Almagro<\/a>, durante el encuentro en la zona interandina pr\u00f3xima a <a title=\"Quito\" href=\"http:\/\/es.wikipedia.org\/wiki\/Quito\">Quito<\/a> actual. Entonces, se decide enviar al Capit\u00e1n Francisco Pacheco a  Canceb\u00ed para que fundara el asiento de espa\u00f1oles y tratara de pacificar a  los abor\u00edgenes que estaban en franca rebeld\u00eda debido a la agresi\u00f3n de  diferentes grupos de invasores, entre ellos el de Alvarado, quien adem\u00e1s  hab\u00eda apresado a varios ind\u00edgenas, que ahora traer\u00eda de vuelta Pacheco,  como muestra de deseos de acuerdos de paz. No obstante la fundaci\u00f3n,  varios grupos de ind\u00edgenas, mantuvieron la resistencia hasta 1564, y  otros fueron creando ingeniosamente formas de adaptarse pera preservar  algunos elementos de su cultura ancestral. Guardaron creencias, secretos  gastron\u00f3micos, formas de organizaci\u00f3n comunal, habilidad artesanal y  a\u00fan conservan sus rasgos fenot\u00edpicos.<\/p>\n<p>Poco antes de efectuarse el acto legal de fundaci\u00f3n de la Villa,  delimitaci\u00f3n de espacios, asignaci\u00f3n de solares, creaci\u00f3n del cabildo y  elecci\u00f3n de autoridades, hubo un molesto episodio debido a que otro  miembro del grupo pizarrista, quien sabe con qu\u00e9 autorizaci\u00f3n legal,  orden\u00f3 al mismo tiempo a Pedro de Puelles crear la ciudad en zona de  Canceb\u00ed; se trataba de Benalc\u00e1zar. M\u00e1s Pizarro dirimi\u00f3 y autoriz\u00f3 a  Pacheco a hacerlo. Nace as\u00ed el primer cabildo creado en la costa  ecuatoriana, la tercera ciudad fundada en lo que despu\u00e9s fue la <a title=\"Real Audiencia de Quito\" href=\"http:\/\/es.wikipedia.org\/wiki\/Real_Audiencia_de_Quito\">Real Audiencia de Quito<\/a> y m\u00e1s tarde <a title=\"Ecuador\" href=\"http:\/\/es.wikipedia.org\/wiki\/Ecuador\">Ecuador<\/a>, y la <strong>primera Ciudad asentada costa ecuatoriana<\/strong>.<\/p>\n<p>Es interesante anotar que <a title=\"Tom\u00e1s de Berlanga\" href=\"http:\/\/es.wikipedia.org\/wiki\/Tom%C3%A1s_de_Berlanga\">Tom\u00e1s de Berlanga<\/a> comunic\u00f3 en una carta al Rey de <a title=\"Espa\u00f1a\" href=\"http:\/\/es.wikipedia.org\/wiki\/Espa%C3%B1a\">Espa\u00f1a<\/a> el descubrimiento de las <a title=\"Islas Gal\u00e1pagos\" href=\"http:\/\/es.wikipedia.org\/wiki\/Islas_Gal%C3%A1pagos\">Islas Gal\u00e1pagos<\/a> desde Portovi.<\/p>\n<p>ESTE ES EL EX HIMNO A MANABI EL MEJOR DEL MUNDO ... CONOCIDO A NIVEL MUNDIAL<\/p>\n<p><object classid=\"clsid:d27cdb6e-ae6d-11cf-96b8-444553540000\" width=\"688\" height=\"539\"><param name=\"allowFullScreen\" value=\"true\" \/><param name=\"allowscriptaccess\" value=\"always\" \/><param name=\"src\" value=\"http:\/\/www.youtube.com\/v\/83ggWJO7qLY?fs=1&amp;hl=es_ES\" \/><param name=\"allowfullscreen\" value=\"true\" \/><embed type=\"application\/x-shockwave-flash\" width=\"688\" height=\"539\" src=\"http:\/\/www.youtube.com\/v\/83ggWJO7qLY?fs=1&amp;hl=es_ES\" allowscriptaccess=\"always\" allowfullscreen=\"true\"><\/embed><\/object><\/p>\n<form id=\"vozme_form_c4eb01edfe4a7dce69b10779e86a58f0\" method=\"post\" name=\"vozme_form_c4eb01edfe4a7dce69b10779e86a58f0\" target=\"c4eb01edfe4a7dce69b10779e86a58f0\" action=\"http:\/\/vozme.com\/text2voice.php\"><input name=\"text\" type=\"hidden\" value=\"FUNDACION DE PORTOVIEJO. Es algo rom\u00e1ntica la narraci\u00f3n escolar que escuchamos a menudo,  acerca de la acci\u00f3n de clavar el estandarte y la cruz en el suelo  declarando de esta manera la fundaci\u00f3n de una ciudad. La creaci\u00f3n de un  asiento de blancos era algo mucho m\u00e1s complejo que obedec\u00eda a una serie  de circunstancias y a un proceso legal. No de otra manera se explica el  que hayan sido pocas las ciudades realmente fundadas por los blancos.\nLos espa\u00f1oles que invadieron Am\u00e9rica estaban respaldados legalmente  por la Corona, pero en realidad constitu\u00edan empresas privadas que  buscaban una rentabilidad, lo que muestra los primeros signos del  nacimiento del capitalismo europeo. La Corona autorizaba entonces a su  principal, a crear una Gobernaci\u00f3n y dentro de ellas a fundar ciudades  para la residencia de espa\u00f1oles, regidas estas por el Cabildo que s\u00f3lo  podr\u00eda ser constituido por espa\u00f1oles para gobernar la ciudad y  territorios pr\u00f3ximos. Tas este hecho, lo que se buscaba era controlar un  espacio para dirigir desde all\u00ed la conquista y consolidar el proyecto  colonial, lo cual les permitir\u00eda extraer riquezas y usar fuerza de  trabajo, adem\u00e1s de cristianizarla.\nPortoviejo se fund\u00f3 para servir como centro de abastecimiento de  comestibles de las huestes espa\u00f1oles que ven\u00edan a la invasi\u00f3n y  conquista del Per\u00fa, pues entre otras cosas ten\u00edan abundancia de ma\u00edz, un  producto f\u00e1cil de conservar. Se fund\u00f3 tambi\u00e9n para controlar el gran  Se\u00f1or\u00edo de Canceb\u00ed y constituirse en un hito de frontera de la  Gobernaci\u00f3n de Pizarro, que Pedro de Alvarado, otro conquistador, intentaba arrebatar.\nPedro de Alvarado llega a un acuerdo por Diego de Almagro, durante el encuentro en la zona interandina pr\u00f3xima a Quito actual. Entonces, se decide enviar al Capit\u00e1n Francisco Pacheco a  Canceb\u00ed para que fundara el asiento de espa\u00f1oles y tratara de pacificar a  los abor\u00edgenes que estaban en franca rebeld\u00eda debido a la agresi\u00f3n de  diferentes grupos de invasores, entre ellos el de Alvarado, quien adem\u00e1s  hab\u00eda apresado a varios ind\u00edgenas, que ahora traer\u00eda de vuelta Pacheco,  como muestra de deseos de acuerdos de paz. No obstante la fundaci\u00f3n,  varios grupos de ind\u00edgenas, mantuvieron la resistencia hasta 1564, y  otros fueron creando ingeniosamente formas de adaptarse pera preservar  algunos elementos de su cultura ancestral. Guardaron creencias, secretos  gastron\u00f3micos, formas de organizaci\u00f3n comunal, habilidad artesanal y  a\u00fan conservan sus rasgos fenot\u00edpicos.\nPoco antes de efectuarse el acto legal de fundaci\u00f3n de la Villa,  delimitaci\u00f3n de espacios, asignaci\u00f3n de solares, creaci\u00f3n del cabildo y  elecci\u00f3n de autoridades, hubo un molesto episodio debido a que otro  miembro del grupo pizarrista, quien sabe con qu\u00e9 autorizaci\u00f3n legal,  orden\u00f3 al mismo tiempo a Pedro de Puelles crear la ciudad en zona de  Canceb\u00ed; se trataba de Benalc\u00e1zar. M\u00e1s Pizarro dirimi\u00f3 y autoriz\u00f3 a  Pacheco a hacerlo. Nace as\u00ed el primer cabildo creado en la costa  ecuatoriana, la tercera ciudad fundada en lo que despu\u00e9s fue la Real Audiencia de Quito y m\u00e1s tarde Ecuador, y la primera Ciudad asentada costa ecuatoriana.\nEs interesante anotar que Tom\u00e1s de Berlanga comunic\u00f3 en una carta al Rey de Espa\u00f1a el descubrimiento de las Islas Gal\u00e1pagos desde Portovi.\nESTE ES EL EX HIMNO A MANABI EL MEJOR DEL MUNDO ... CONOCIDO A NIVEL MUNDIAL\n\n\" \/><input name=\"lang\" type=\"hidden\" value=\"en\" \/><input name=\"gn\" type=\"hidden\" value=\"ml\" \/><input type=\"hidden\" id=\"interface\" name=\"interface\" value=\"full\" \/>\n\t\t\t<div style=\"margin-left:40%;\">\n\t\t\t\n\t\t\t\t<input style=\"float:left;\" type=\"image\" width=\"40\" height=\"40\" src=\"http:\/\/blog.espol.edu.ec\/hbazurto\/wp-content\/plugins\/vozme\/img\/megaphone40x40w.gif\" alt=\"Hear this post\" onclick=\"window.open('', 'c4eb01edfe4a7dce69b10779e86a58f0', 'width=600,height=370,scrollbars=yes,location=yes,menubar=yes,resizable=yes,status=yes,toolbar=yes');\">\n\t\t\t\t<div style=\"margin-left:48px; text-align:left;\"><a style=\"font-size:12px;\" href=\"javascript:void(0);\" onclick=\"window.open('', 'c4eb01edfe4a7dce69b10779e86a58f0', 'width=600,height=370,scrollbars=yes,location=yes,menubar=yes,resizable=yes,status=yes,toolbar=yes'); document.getElementById('vozme_form_c4eb01edfe4a7dce69b10779e86a58f0').submit();\">Hear<br\/>this post<\/a><\/div>\n\t\t\t<\/div><\/form>","protected":false},"excerpt":{"rendered":"<p>Es algo rom\u00e1ntica la narraci\u00f3n escolar que escuchamos a menudo, acerca de la acci\u00f3n de clavar el estandarte y la cruz en el suelo declarando de esta manera la fundaci\u00f3n de una ciudad. La creaci\u00f3n de un asiento de blancos era algo mucho m\u00e1s complejo que obedec\u00eda a una serie de circunstancias y a un [&hellip;]<\/p>\n","protected":false},"author":3187,"featured_media":0,"comment_status":"open","ping_status":"open","sticky":false,"template":"","format":"standard","meta":{"footnotes":""},"categories":[17,439],"tags":[],"class_list":["post-148","post","type-post","status-publish","format-standard","hentry","category-general","category-personal"],"_links":{"self":[{"href":"https:\/\/blog.espol.edu.ec\/hbazurto\/wp-json\/wp\/v2\/posts\/148","targetHints":{"allow":["GET"]}}],"collection":[{"href":"https:\/\/blog.espol.edu.ec\/hbazurto\/wp-json\/wp\/v2\/posts"}],"about":[{"href":"https:\/\/blog.espol.edu.ec\/hbazurto\/wp-json\/wp\/v2\/types\/post"}],"author":[{"embeddable":true,"href":"https:\/\/blog.espol.edu.ec\/hbazurto\/wp-json\/wp\/v2\/users\/3187"}],"replies":[{"embeddable":true,"href":"https:\/\/blog.espol.edu.ec\/hbazurto\/wp-json\/wp\/v2\/comments?post=148"}],"version-history":[{"count":6,"href":"https:\/\/blog.espol.edu.ec\/hbazurto\/wp-json\/wp\/v2\/posts\/148\/revisions"}],"predecessor-version":[{"id":192,"href":"https:\/\/blog.espol.edu.ec\/hbazurto\/wp-json\/wp\/v2\/posts\/148\/revisions\/192"}],"wp:attachment":[{"href":"https:\/\/blog.espol.edu.ec\/hbazurto\/wp-json\/wp\/v2\/media?parent=148"}],"wp:term":[{"taxonomy":"category","embeddable":true,"href":"https:\/\/blog.espol.edu.ec\/hbazurto\/wp-json\/wp\/v2\/categories?post=148"},{"taxonomy":"post_tag","embeddable":true,"href":"https:\/\/blog.espol.edu.ec\/hbazurto\/wp-json\/wp\/v2\/tags?post=148"}],"curies":[{"name":"wp","href":"https:\/\/api.w.org\/{rel}","templated":true}]}}