{"id":35,"date":"2010-06-18T19:03:02","date_gmt":"2010-06-18T19:03:02","guid":{"rendered":"http:\/\/blog.espol.edu.ec\/hlucin\/?p=35"},"modified":"2010-06-18T19:06:21","modified_gmt":"2010-06-18T19:06:21","slug":"minuto-mundial-2","status":"publish","type":"post","link":"https:\/\/blog.espol.edu.ec\/hlucin\/2010\/06\/18\/minuto-mundial-2\/","title":{"rendered":"Minuto Mundial."},"content":{"rendered":"<p>Golpe de efecto (0-2)<\/p>\n<div>\n<p style=\"text-align: center\"><a href=\"http:\/\/blog.espol.edu.ec\/hlucin\/files\/2010\/06\/1248709_full-lnd1.jpg\"><img loading=\"lazy\" decoding=\"async\" class=\"size-medium wp-image-38 aligncenter\" title=\"1248709_full-lnd\" src=\"http:\/\/blog.espol.edu.ec\/hlucin\/files\/2010\/06\/1248709_full-lnd1-300x162.jpg\" alt=\"\" width=\"317\" height=\"168\" \/><\/a><a href=\"http:\/\/blog.espol.edu.ec\/hlucin\/files\/2010\/06\/1248709_full-lnd1.jpg\"><\/a><\/p>\n<p>M\u00e9xico derrot\u00f3 por 2-0 a una Francia apagada en el estadio Peter Mokeba de Polokwane, en partido perteneciente al Grupo A disputado el 17 de junio, y dio un paso importante hacia los octavos de final de la competici\u00f3n.<\/p>\n<p>El encuentro que cerraba el s\u00e9ptimo d\u00eda de competici\u00f3n de la Copa Mundial de la FIFA Sud\u00e1frica 2010 altern\u00f3 varias ocasiones para ambos conjuntos en los primeros compases del partido. Los mexicanos no se achicaron ante la campeona mundial de 1998.<\/p>\n<p>Francia trat\u00f3 de enmendar la excesiva especulaci\u00f3n y los errores del choque ante Uruguay, y Raymond Domenech opt\u00f3 por cambiar el 4-3-3 de entonces por un 4-2-3-1 que condenaba a la joven estrella del Burdeos Yoann Gourcuff al banquillo.<\/p>\n<p>Pero tanto Francia como M\u00e9xico se trababan cuando llegaban a los metros finales. En la primera parte acumularon una falta precisi\u00f3n tremenda a la hora de rematar.<\/p>\n<p>Franck Ribery, Sidney Guvou y Jeremy Toulalan tuvieron a su disposici\u00f3n la oportunidad de deshacer el empate inicial a favor de Francia, pero o bien la barrera, el arquero contrario o la falta de acierto mantuvieron la igualada.<\/p>\n<p><strong>Mayor iniciativa mexicana<br \/>\n<\/strong>Por el lado norteamericano Guille Franco, Giovani dos Santos y Carlos Vela se encargaron de buscar las cosquillas al cuadro europeo. Pero el resultado fue igualmente nulo. Incluso Carlos Salcido se sum\u00f3 al ataque en un par de ocasiones e intent\u00f3 sorprender a Hugo Lloris con su incorporaci\u00f3n y posterior disparo. Estuvo activo el lateral e incluso cre\u00f3 algunas ocasiones para sus compa\u00f1eros.<\/p>\n<p>Francia volvi\u00f3 del descanso adormecida y los mexicanos pusieron la salsa en esos primeros minutos de la reanudaci\u00f3n. No fue hasta el minuto 54, con un tiro de Florent Malouda que \u00d3scar P\u00e9rez desvi\u00f3 por encima del larguero, que Francia no dio se\u00f1ales de seguir sobre el campo.<\/p>\n<p>El encuentro acogi\u00f3 un duelo especial entre dos zagueros barcelonistas, Rafael M\u00e1rquez y Eric Abidal. El capit\u00e1n mexicano le gan\u00f3 la partida por goleada aunque el electr\u00f3nico reflejara un simple 2-0.<\/p>\n<p>El primer aviso vendr\u00eda en el minuto 63, con un tiro del azteca desde fuera del \u00e1rea. Un minuto m\u00e1s tarde, el experimentado defensor del Barcelona habilitar\u00eda al Chicharito Hern\u00e1ndez para que este, que dud\u00f3 unos segundos si continuar la jugada al pensarse en fuera de juego, regateara a Lloris y marcara a placer con la porter\u00eda vac\u00eda. Era el gol 50 para M\u00e9xico en su historia mundialista.<\/p>\n<p>Pero el calvario de Abidal en su particular reto azulgrana no hab\u00eda terminado. El lateral izquierdo derrib\u00f3 a Pablo Barrera dentro del \u00e1rea cometiendo un penal que transformar\u00eda el icono azteca Cuauht\u00e9moc Blanco en el minuto 73. El partido estaba ya sentenciado.<\/p>\n<p>Francia parece no haber superado la ausencia de Zinedine Zidane y sigue buscando su propio estilo sin el astro marsell\u00e9s. La oportunidad de redimirse \u2013 y quiz\u00e1 de conseguir la clasificaci\u00f3n- le llegar\u00e1 el pr\u00f3ximo d\u00eda 22 frente a Sud\u00e1frica en Bloemfontein, mientras que M\u00e9xico co-protagonizar\u00e1 un duelo latino con Uruguay en Rustenburgo ese mismo d\u00eda.<\/p>\n<\/div>\n","protected":false},"excerpt":{"rendered":"<p>Golpe de efecto (0-2) M\u00e9xico derrot\u00f3 por 2-0 a una Francia apagada en el estadio Peter Mokeba de Polokwane, en partido perteneciente al Grupo A disputado el 17 de junio, y dio un paso importante hacia los octavos de final de la competici\u00f3n. El encuentro que cerraba el s\u00e9ptimo d\u00eda de competici\u00f3n de la Copa [&hellip;]<\/p>\n","protected":false},"author":3779,"featured_media":0,"comment_status":"open","ping_status":"open","sticky":false,"template":"","format":"standard","meta":{"footnotes":""},"categories":[1],"tags":[],"class_list":["post-35","post","type-post","status-publish","format-standard","hentry","category-uncategorized"],"_links":{"self":[{"href":"https:\/\/blog.espol.edu.ec\/hlucin\/wp-json\/wp\/v2\/posts\/35","targetHints":{"allow":["GET"]}}],"collection":[{"href":"https:\/\/blog.espol.edu.ec\/hlucin\/wp-json\/wp\/v2\/posts"}],"about":[{"href":"https:\/\/blog.espol.edu.ec\/hlucin\/wp-json\/wp\/v2\/types\/post"}],"author":[{"embeddable":true,"href":"https:\/\/blog.espol.edu.ec\/hlucin\/wp-json\/wp\/v2\/users\/3779"}],"replies":[{"embeddable":true,"href":"https:\/\/blog.espol.edu.ec\/hlucin\/wp-json\/wp\/v2\/comments?post=35"}],"version-history":[{"count":4,"href":"https:\/\/blog.espol.edu.ec\/hlucin\/wp-json\/wp\/v2\/posts\/35\/revisions"}],"predecessor-version":[{"id":40,"href":"https:\/\/blog.espol.edu.ec\/hlucin\/wp-json\/wp\/v2\/posts\/35\/revisions\/40"}],"wp:attachment":[{"href":"https:\/\/blog.espol.edu.ec\/hlucin\/wp-json\/wp\/v2\/media?parent=35"}],"wp:term":[{"taxonomy":"category","embeddable":true,"href":"https:\/\/blog.espol.edu.ec\/hlucin\/wp-json\/wp\/v2\/categories?post=35"},{"taxonomy":"post_tag","embeddable":true,"href":"https:\/\/blog.espol.edu.ec\/hlucin\/wp-json\/wp\/v2\/tags?post=35"}],"curies":[{"name":"wp","href":"https:\/\/api.w.org\/{rel}","templated":true}]}}