{"id":135,"date":"2009-07-03T06:25:25","date_gmt":"2009-07-03T10:25:25","guid":{"rendered":"http:\/\/blog.espol.edu.ec\/hnoriega\/?p=135"},"modified":"2009-07-03T06:44:14","modified_gmt":"2009-07-03T10:44:14","slug":"dia-clave-en-honduras","status":"publish","type":"post","link":"https:\/\/blog.espol.edu.ec\/hnoriega\/2009\/07\/03\/dia-clave-en-honduras\/","title":{"rendered":"D\u00eda clave en Honduras"},"content":{"rendered":"<p><span class=\"texto01\">Hace pcos d\u00edas en Tegucipalga el presidente Manuel Zelaya fue derrocado por las Fuerzas Armadas de Honduras.<\/span><\/p>\n<p><span class=\"texto01\">A partir de esto El presidente\u00a0del Congreso hondure\u00f1o, Roberto Micheletti, se auto proclam\u00f3 como Primen Mandatorio. Ocurrido este suceso, la Comunidad Internacional se movi\u00f3 en pro de la Democracia.... Donde se dio un plazo rotundo para que sea restituido el presidente depuesto.<\/span><\/p>\n<p><em>Pero Micheletti dej\u00f3 claro a la comunidad internacional que el Presidente depuesto \"nunca va a retornar al poder\".<\/em><\/p>\n<p>Tampoco parece preocuparle demasiado que la Organizaci\u00f3n de Estados Americanos (OEA) pueda expulsarlo del club de pa\u00edses democr\u00e1ticos del continente, despu\u00e9s de que lo hiciera con Cuba en 1962.<\/p>\n<p>Aqu\u00ed sus declaraciones:<\/p>\n<p><span class=\"texto01\">-\"Si la comunidad internacional considera que hemos cometido delitos, alg\u00fan error, que nos condene y se acab\u00f3\", dijo antes de agregar que el 80 por ciento de la poblaci\u00f3n est\u00e1 de acuerdo con la decisi\u00f3n de deponer a Zelaya, acusado por la justicia de 18 delitos.<\/span><\/p>\n<p><span class=\"texto01\"><br \/>\n\"No se olvide que este Gobierno es por seis meses. Una vez que nosotros elijamos nuestras nuevas autoridades, ellos (la comunidad internacional) tendr\u00e1n la libertad de abrirle los espacios a las nuevas autoridades\", zanj\u00f3.<\/span><\/p>\n<p>\u00a0<\/p>\n<p><span class=\"texto01\">Parece ser que estamos volviendo a los a\u00f1os 60, donde se utilizaba la Fuerza P\u00fablica para causar inestabilidad pol\u00edtica, como sucedio en Chile con el golpe de estado de Pinochett.<\/span><\/p>\n<div><\/div>\n<p><span class=\"texto01\"><\/p>\n<div id=\"attachment_137\" style=\"width: 310px\" class=\"wp-caption aligncenter\"><img loading=\"lazy\" decoding=\"async\" aria-describedby=\"caption-attachment-137\" class=\"size-full wp-image-137\" src=\"http:\/\/blog.espol.edu.ec\/hnoriega\/files\/2009\/07\/militares.jpg\" alt=\"Militares hondure\u00f1os en el Golpe de Estado en su pa\u00eds\" width=\"300\" height=\"209\" \/><p id=\"caption-attachment-137\" class=\"wp-caption-text\">Militares hondure\u00f1os en el Golpe de Estado en su pa\u00eds<\/p><\/div>\n<p>\u00a0<\/p>\n<p><\/span><\/p>\n","protected":false},"excerpt":{"rendered":"<p>Hace pcos d\u00edas en Tegucipalga el presidente Manuel Zelaya fue derrocado por las Fuerzas Armadas de Honduras. A partir de esto El presidente\u00a0del Congreso hondure\u00f1o, Roberto Micheletti, se auto proclam\u00f3 como Primen Mandatorio. Ocurrido este suceso, la Comunidad Internacional se movi\u00f3 en pro de la Democracia.... Donde se dio un plazo rotundo para que sea [&hellip;]<\/p>\n","protected":false},"author":1692,"featured_media":0,"comment_status":"open","ping_status":"open","sticky":false,"template":"","format":"standard","meta":{"footnotes":""},"categories":[36],"tags":[],"class_list":["post-135","post","type-post","status-publish","format-standard","hentry","category-politica"],"_links":{"self":[{"href":"https:\/\/blog.espol.edu.ec\/hnoriega\/wp-json\/wp\/v2\/posts\/135","targetHints":{"allow":["GET"]}}],"collection":[{"href":"https:\/\/blog.espol.edu.ec\/hnoriega\/wp-json\/wp\/v2\/posts"}],"about":[{"href":"https:\/\/blog.espol.edu.ec\/hnoriega\/wp-json\/wp\/v2\/types\/post"}],"author":[{"embeddable":true,"href":"https:\/\/blog.espol.edu.ec\/hnoriega\/wp-json\/wp\/v2\/users\/1692"}],"replies":[{"embeddable":true,"href":"https:\/\/blog.espol.edu.ec\/hnoriega\/wp-json\/wp\/v2\/comments?post=135"}],"version-history":[{"count":3,"href":"https:\/\/blog.espol.edu.ec\/hnoriega\/wp-json\/wp\/v2\/posts\/135\/revisions"}],"predecessor-version":[{"id":145,"href":"https:\/\/blog.espol.edu.ec\/hnoriega\/wp-json\/wp\/v2\/posts\/135\/revisions\/145"}],"wp:attachment":[{"href":"https:\/\/blog.espol.edu.ec\/hnoriega\/wp-json\/wp\/v2\/media?parent=135"}],"wp:term":[{"taxonomy":"category","embeddable":true,"href":"https:\/\/blog.espol.edu.ec\/hnoriega\/wp-json\/wp\/v2\/categories?post=135"},{"taxonomy":"post_tag","embeddable":true,"href":"https:\/\/blog.espol.edu.ec\/hnoriega\/wp-json\/wp\/v2\/tags?post=135"}],"curies":[{"name":"wp","href":"https:\/\/api.w.org\/{rel}","templated":true}]}}