{"id":48,"date":"2009-06-18T17:13:19","date_gmt":"2009-06-18T21:13:19","guid":{"rendered":"http:\/\/blog.espol.edu.ec\/hnoriega\/?p=48"},"modified":"2009-06-18T17:13:19","modified_gmt":"2009-06-18T21:13:19","slug":"teleamazonas-o-libertad-de-expresion","status":"publish","type":"post","link":"https:\/\/blog.espol.edu.ec\/hnoriega\/2009\/06\/18\/teleamazonas-o-libertad-de-expresion\/","title":{"rendered":"Teleamazonas o Libertad de expresi\u00f3n"},"content":{"rendered":"<p>En los \u00faltimos d\u00edas dentro del acontecer pol\u00edtico de nuestro pa\u00eds, el tema de pol\u00e9mica central ha sido la POSIBLE SANCI\u00d3N al canal Teleamazonas por parte del CONARTEL....<\/p>\n<p>\u00bfQue pasar\u00e1 con la estaci\u00f3n de TV?...<\/p>\n<p>A continuaci\u00f3n adjunto un video del Superintendente de Telecomunicaciones, Fabian Jaramillo<\/p>\n<p><object width=\"425\" height=\"344\" data=\"http:\/\/www.youtube.com\/v\/5LyUb2NKL_8&amp;hl=es&amp;fs=1&amp;\" type=\"application\/x-shockwave-flash\"><param name=\"allowFullScreen\" value=\"true\" \/><param name=\"allowscriptaccess\" value=\"always\" \/><param name=\"src\" value=\"http:\/\/www.youtube.com\/v\/5LyUb2NKL_8&amp;hl=es&amp;fs=1&amp;\" \/><param name=\"allowfullscreen\" value=\"true\" \/><\/object><\/p>\n","protected":false},"excerpt":{"rendered":"<p>En los \u00faltimos d\u00edas dentro del acontecer pol\u00edtico de nuestro pa\u00eds, el tema de pol\u00e9mica central ha sido la POSIBLE SANCI\u00d3N al canal Teleamazonas por parte del CONARTEL.... \u00bfQue pasar\u00e1 con la estaci\u00f3n de TV?... A continuaci\u00f3n adjunto un video del Superintendente de Telecomunicaciones, Fabian Jaramillo<\/p>\n","protected":false},"author":1692,"featured_media":0,"comment_status":"open","ping_status":"open","sticky":false,"template":"","format":"standard","meta":{"footnotes":""},"categories":[36],"tags":[],"class_list":["post-48","post","type-post","status-publish","format-standard","hentry","category-politica"],"_links":{"self":[{"href":"https:\/\/blog.espol.edu.ec\/hnoriega\/wp-json\/wp\/v2\/posts\/48","targetHints":{"allow":["GET"]}}],"collection":[{"href":"https:\/\/blog.espol.edu.ec\/hnoriega\/wp-json\/wp\/v2\/posts"}],"about":[{"href":"https:\/\/blog.espol.edu.ec\/hnoriega\/wp-json\/wp\/v2\/types\/post"}],"author":[{"embeddable":true,"href":"https:\/\/blog.espol.edu.ec\/hnoriega\/wp-json\/wp\/v2\/users\/1692"}],"replies":[{"embeddable":true,"href":"https:\/\/blog.espol.edu.ec\/hnoriega\/wp-json\/wp\/v2\/comments?post=48"}],"version-history":[{"count":5,"href":"https:\/\/blog.espol.edu.ec\/hnoriega\/wp-json\/wp\/v2\/posts\/48\/revisions"}],"predecessor-version":[{"id":60,"href":"https:\/\/blog.espol.edu.ec\/hnoriega\/wp-json\/wp\/v2\/posts\/48\/revisions\/60"}],"wp:attachment":[{"href":"https:\/\/blog.espol.edu.ec\/hnoriega\/wp-json\/wp\/v2\/media?parent=48"}],"wp:term":[{"taxonomy":"category","embeddable":true,"href":"https:\/\/blog.espol.edu.ec\/hnoriega\/wp-json\/wp\/v2\/categories?post=48"},{"taxonomy":"post_tag","embeddable":true,"href":"https:\/\/blog.espol.edu.ec\/hnoriega\/wp-json\/wp\/v2\/tags?post=48"}],"curies":[{"name":"wp","href":"https:\/\/api.w.org\/{rel}","templated":true}]}}