{"id":77,"date":"2009-06-27T01:24:01","date_gmt":"2009-06-27T05:24:01","guid":{"rendered":"http:\/\/blog.espol.edu.ec\/hnoriega\/?p=77"},"modified":"2009-06-27T01:24:01","modified_gmt":"2009-06-27T05:24:01","slug":"presidente-correa-ordena-terminacion-unilateral-de-los-contratos-de-su-hermano","status":"publish","type":"post","link":"https:\/\/blog.espol.edu.ec\/hnoriega\/2009\/06\/27\/presidente-correa-ordena-terminacion-unilateral-de-los-contratos-de-su-hermano\/","title":{"rendered":"Presidente Correa ordena terminaci\u00f3n unilateral de los contratos de su hermano"},"content":{"rendered":"<div id=\"attachment_78\" style=\"width: 360px\" class=\"wp-caption aligncenter\"><img loading=\"lazy\" decoding=\"async\" aria-describedby=\"caption-attachment-78\" class=\"size-full wp-image-78\" src=\"http:\/\/blog.espol.edu.ec\/hnoriega\/files\/2009\/06\/t1_12460684131.jpg\" alt=\"Presidente dando rueda de prensa en Carondelet\" width=\"350\" height=\"225\" srcset=\"https:\/\/blog.espol.edu.ec\/hnoriega\/files\/2009\/06\/t1_12460684131.jpg 350w, https:\/\/blog.espol.edu.ec\/hnoriega\/files\/2009\/06\/t1_12460684131-300x192.jpg 300w\" sizes=\"auto, (max-width: 350px) 100vw, 350px\" \/><p id=\"caption-attachment-78\" class=\"wp-caption-text\">Presidente dando rueda de prensa en Carondelet<\/p><\/div>\n<p>A trav\u00e9s de una cadena de radio y televisi\u00f3n y en una intervenci\u00f3n no mayor a cinco minutos, el presidente Rafael Correa, solicit\u00f3 a los Ministerios de Obras P\u00fablicas, Petr\u00f3leo, y Vivienda, la terminaci\u00f3n anticipada y unilateral de los contratos que el Estado mantiene con su hermano, Fabricio Correa.<\/p>\n","protected":false},"excerpt":{"rendered":"<p>A trav\u00e9s de una cadena de radio y televisi\u00f3n y en una intervenci\u00f3n no mayor a cinco minutos, el presidente Rafael Correa, solicit\u00f3 a los Ministerios de Obras P\u00fablicas, Petr\u00f3leo, y Vivienda, la terminaci\u00f3n anticipada y unilateral de los contratos que el Estado mantiene con su hermano, Fabricio Correa.<\/p>\n","protected":false},"author":1692,"featured_media":0,"comment_status":"open","ping_status":"open","sticky":false,"template":"","format":"standard","meta":{"footnotes":""},"categories":[36],"tags":[],"class_list":["post-77","post","type-post","status-publish","format-standard","hentry","category-politica"],"_links":{"self":[{"href":"https:\/\/blog.espol.edu.ec\/hnoriega\/wp-json\/wp\/v2\/posts\/77","targetHints":{"allow":["GET"]}}],"collection":[{"href":"https:\/\/blog.espol.edu.ec\/hnoriega\/wp-json\/wp\/v2\/posts"}],"about":[{"href":"https:\/\/blog.espol.edu.ec\/hnoriega\/wp-json\/wp\/v2\/types\/post"}],"author":[{"embeddable":true,"href":"https:\/\/blog.espol.edu.ec\/hnoriega\/wp-json\/wp\/v2\/users\/1692"}],"replies":[{"embeddable":true,"href":"https:\/\/blog.espol.edu.ec\/hnoriega\/wp-json\/wp\/v2\/comments?post=77"}],"version-history":[{"count":3,"href":"https:\/\/blog.espol.edu.ec\/hnoriega\/wp-json\/wp\/v2\/posts\/77\/revisions"}],"predecessor-version":[{"id":89,"href":"https:\/\/blog.espol.edu.ec\/hnoriega\/wp-json\/wp\/v2\/posts\/77\/revisions\/89"}],"wp:attachment":[{"href":"https:\/\/blog.espol.edu.ec\/hnoriega\/wp-json\/wp\/v2\/media?parent=77"}],"wp:term":[{"taxonomy":"category","embeddable":true,"href":"https:\/\/blog.espol.edu.ec\/hnoriega\/wp-json\/wp\/v2\/categories?post=77"},{"taxonomy":"post_tag","embeddable":true,"href":"https:\/\/blog.espol.edu.ec\/hnoriega\/wp-json\/wp\/v2\/tags?post=77"}],"curies":[{"name":"wp","href":"https:\/\/api.w.org\/{rel}","templated":true}]}}