{"id":3,"date":"2011-06-29T23:54:36","date_gmt":"2011-06-29T23:54:36","guid":{"rendered":"http:\/\/blog.espol.edu.ec\/ikyanez\/2011\/06\/29\/responsabilida\/"},"modified":"2011-06-29T23:54:57","modified_gmt":"2011-06-29T23:54:57","slug":"responsabilida","status":"publish","type":"post","link":"https:\/\/blog.espol.edu.ec\/ikyanez\/2011\/06\/29\/responsabilida\/","title":{"rendered":"Responsabilidad"},"content":{"rendered":"<p>La palabra <em>responsabilidad<\/em> proviene del lat\u00edn 'responsum', que  es una forma de ser considerado sujeto de una deuda u obligaci\u00f3n  (ejemplo: \"Los conductores de veh\u00edculos automotores son responsables por  los da\u00f1os causados por sus m\u00e1quinas\").<\/p>\n<ul>\n<li>Como cargo, compromiso u <a title=\"Obligaci\u00f3n moral\" href=\"http:\/\/es.wikipedia.org\/wiki\/Obligaci%C3%B3n_moral\">obligaci\u00f3n<\/a> (ejemplo: \"Mi responsabilidad en la presidencia ser\u00e1 llevar a nuestro pa\u00eds a la prosperidad<\/li>\n<li>Como sin\u00f3nimo de causa (ejemplo, \"una piedra, que lanz\u00f3 la comadreja  perez fue la responsable de fracturarle el cr\u00e1neo a Don Pedro Blanco\").<\/li>\n<li>Como la virtud de ser la causa de los propios actos, es decir, de  ser libre (ejemplo: \"No podemos atribuirle responsabilidad alguna a la  piedra que mat\u00f3 al pobre hombre al fracturarle el cr\u00e1neo, pues se trata  de un objeto inerte que cay\u00f3 al suelo por azar, pero tambi\u00e9n pudo  lanzarla la comadreja perez y esconder la pata en la madriguera\").<\/li>\n<li>Como deber de asumir las consecuencias de nuestros actos (ejemplo,  \"yo he sido el responsable de romperle la falange a aquel esqueleto de  pl\u00e1stico y no fue la comadreja a la que le echamos las culpas pero ella  lo intent\u00f3 antes que tu\").<\/li>\n<\/ul>\n","protected":false},"excerpt":{"rendered":"<p>La palabra responsabilidad proviene del lat\u00edn 'responsum', que es una forma de ser considerado sujeto de una deuda u obligaci\u00f3n (ejemplo: \"Los conductores de veh\u00edculos automotores son responsables por los da\u00f1os causados por sus m\u00e1quinas\"). Como cargo, compromiso u obligaci\u00f3n (ejemplo: \"Mi responsabilidad en la presidencia ser\u00e1 llevar a nuestro pa\u00eds a la prosperidad Como [&hellip;]<\/p>\n","protected":false},"author":6611,"featured_media":0,"comment_status":"open","ping_status":"open","sticky":false,"template":"","format":"standard","meta":{"footnotes":""},"categories":[1],"tags":[],"class_list":["post-3","post","type-post","status-publish","format-standard","hentry","category-uncategorized"],"_links":{"self":[{"href":"https:\/\/blog.espol.edu.ec\/ikyanez\/wp-json\/wp\/v2\/posts\/3","targetHints":{"allow":["GET"]}}],"collection":[{"href":"https:\/\/blog.espol.edu.ec\/ikyanez\/wp-json\/wp\/v2\/posts"}],"about":[{"href":"https:\/\/blog.espol.edu.ec\/ikyanez\/wp-json\/wp\/v2\/types\/post"}],"author":[{"embeddable":true,"href":"https:\/\/blog.espol.edu.ec\/ikyanez\/wp-json\/wp\/v2\/users\/6611"}],"replies":[{"embeddable":true,"href":"https:\/\/blog.espol.edu.ec\/ikyanez\/wp-json\/wp\/v2\/comments?post=3"}],"version-history":[{"count":1,"href":"https:\/\/blog.espol.edu.ec\/ikyanez\/wp-json\/wp\/v2\/posts\/3\/revisions"}],"predecessor-version":[{"id":4,"href":"https:\/\/blog.espol.edu.ec\/ikyanez\/wp-json\/wp\/v2\/posts\/3\/revisions\/4"}],"wp:attachment":[{"href":"https:\/\/blog.espol.edu.ec\/ikyanez\/wp-json\/wp\/v2\/media?parent=3"}],"wp:term":[{"taxonomy":"category","embeddable":true,"href":"https:\/\/blog.espol.edu.ec\/ikyanez\/wp-json\/wp\/v2\/categories?post=3"},{"taxonomy":"post_tag","embeddable":true,"href":"https:\/\/blog.espol.edu.ec\/ikyanez\/wp-json\/wp\/v2\/tags?post=3"}],"curies":[{"name":"wp","href":"https:\/\/api.w.org\/{rel}","templated":true}]}}