{"id":75,"date":"2012-11-06T22:02:51","date_gmt":"2012-11-06T22:02:51","guid":{"rendered":"http:\/\/blog.espol.edu.ec\/infokpop\/?p=75"},"modified":"2012-11-06T22:02:51","modified_gmt":"2012-11-06T22:02:51","slug":"invincible-youth-2-de-kbs-llega-a-su-fin","status":"publish","type":"post","link":"https:\/\/blog.espol.edu.ec\/infokpop\/2012\/11\/06\/invincible-youth-2-de-kbs-llega-a-su-fin\/","title":{"rendered":"\u201cInvincible Youth 2\u201d de KBS llega a su fin"},"content":{"rendered":"<p><a href=\"http:\/\/blog.espol.edu.ec\/infokpop\/files\/2012\/11\/Invincible-Youth-2.jpg\"><img loading=\"lazy\" decoding=\"async\" src=\"http:\/\/blog.espol.edu.ec\/infokpop\/files\/2012\/11\/Invincible-Youth-2-300x173.jpg\" alt=\"\" width=\"300\" height=\"173\" class=\"aligncenter size-medium wp-image-76\" srcset=\"https:\/\/blog.espol.edu.ec\/infokpop\/files\/2012\/11\/Invincible-Youth-2-300x173.jpg 300w, https:\/\/blog.espol.edu.ec\/infokpop\/files\/2012\/11\/Invincible-Youth-2.jpg 540w\" sizes=\"auto, (max-width: 300px) 100vw, 300px\" \/><\/a><\/p>\n<p>KBS oficialmente confirm\u00f3 la cancelaci\u00f3n de \u201cInvincible Youth 2\u201d el 5 de noviembre. Un representante de KBS dijo: \u201cHemos decidido terminar \u2018Invincible Youth 2\u2019. La \u00faltima filmaci\u00f3n ser\u00e1 el 7 de noviembre en la Isla Daebu y el \u00faltimo episodio est\u00e1 programado para transmitirse a mediados de noviembre\u201d. El representante agreg\u00f3: \u201cNo tenemos planes en cuanto al programa que lo reemplazar\u00e1, pero realizaremos el anuncio tan pronto tomemos la decisi\u00f3n\u201d.<\/p>\n<p>La primera transmisi\u00f3n de \u201cInvincible Youth\u201d fue en noviembre del 2011. El programa sufri\u00f3 de falta de material y por lo tanto, ratings bajos. Muchos ten\u00edan esperanza con la llegada de la MC Lee Young Ja y el cambio de formato,  pero a\u00fan as\u00ed, el programa sigui\u00f3 con ratings bajos que iban del 5 al 6%.<\/p>\n<p>Adem\u00e1s, el programa hab\u00eda sido patrocinado por la ciudad de Ansan pero el contrato entre la ciudad y el programa expir\u00f3, causando m\u00e1s dificultades. Por encima de esos problemas, las integrantes de G5 han tenido dificultades para manejar su agenda e incluir \u201cInvincible Youth 2\u201d en su ocupada vida. Como resultado, el programa ha sido cancelado.<\/p>\n","protected":false},"excerpt":{"rendered":"<p>KBS oficialmente confirm\u00f3 la cancelaci\u00f3n de \u201cInvincible Youth 2\u201d el 5 de noviembre. Un representante de KBS dijo: \u201cHemos decidido terminar \u2018Invincible Youth 2\u2019. La \u00faltima filmaci\u00f3n ser\u00e1 el 7 de noviembre en la Isla Daebu y el \u00faltimo episodio est\u00e1 programado para transmitirse a mediados de noviembre\u201d. El representante agreg\u00f3: \u201cNo tenemos planes en [&hellip;]<\/p>\n","protected":false},"author":8182,"featured_media":0,"comment_status":"open","ping_status":"open","sticky":false,"template":"","format":"standard","meta":{"footnotes":""},"categories":[818],"tags":[],"class_list":["post-75","post","type-post","status-publish","format-standard","hentry","category-sin-categoria"],"_links":{"self":[{"href":"https:\/\/blog.espol.edu.ec\/infokpop\/wp-json\/wp\/v2\/posts\/75","targetHints":{"allow":["GET"]}}],"collection":[{"href":"https:\/\/blog.espol.edu.ec\/infokpop\/wp-json\/wp\/v2\/posts"}],"about":[{"href":"https:\/\/blog.espol.edu.ec\/infokpop\/wp-json\/wp\/v2\/types\/post"}],"author":[{"embeddable":true,"href":"https:\/\/blog.espol.edu.ec\/infokpop\/wp-json\/wp\/v2\/users\/8182"}],"replies":[{"embeddable":true,"href":"https:\/\/blog.espol.edu.ec\/infokpop\/wp-json\/wp\/v2\/comments?post=75"}],"version-history":[{"count":1,"href":"https:\/\/blog.espol.edu.ec\/infokpop\/wp-json\/wp\/v2\/posts\/75\/revisions"}],"predecessor-version":[{"id":77,"href":"https:\/\/blog.espol.edu.ec\/infokpop\/wp-json\/wp\/v2\/posts\/75\/revisions\/77"}],"wp:attachment":[{"href":"https:\/\/blog.espol.edu.ec\/infokpop\/wp-json\/wp\/v2\/media?parent=75"}],"wp:term":[{"taxonomy":"category","embeddable":true,"href":"https:\/\/blog.espol.edu.ec\/infokpop\/wp-json\/wp\/v2\/categories?post=75"},{"taxonomy":"post_tag","embeddable":true,"href":"https:\/\/blog.espol.edu.ec\/infokpop\/wp-json\/wp\/v2\/tags?post=75"}],"curies":[{"name":"wp","href":"https:\/\/api.w.org\/{rel}","templated":true}]}}