{"id":408,"date":"2011-03-09T10:33:37","date_gmt":"2011-03-09T15:33:37","guid":{"rendered":"http:\/\/blog.espol.edu.ec\/infoyconocimiento\/?p=408"},"modified":"2011-03-09T10:33:37","modified_gmt":"2011-03-09T15:33:37","slug":"crean-una-version-peruana-de-facebook","status":"publish","type":"post","link":"https:\/\/blog.espol.edu.ec\/infoyconocimiento\/2011\/03\/crean-una-version-peruana-de-facebook\/","title":{"rendered":"Crean una versi\u00f3n peruana de Facebook"},"content":{"rendered":"<p><strong>EFE, <\/strong>Lima, Per\u00fa, 9 marzo 2011<\/p>\n<div><a href=\"http:\/\/blog.espol.edu.ec\/infoyconocimiento\/files\/2011\/03\/FacebookPeru1.jpg\"><img loading=\"lazy\" decoding=\"async\" class=\"alignright size-thumbnail wp-image-410\" title=\"FacebookPeru\" src=\"http:\/\/blog.espol.edu.ec\/infoyconocimiento\/files\/2011\/03\/FacebookPeru1-150x150.jpg\" alt=\"\" width=\"150\" height=\"150\" \/><\/a>A los j\u00f3venes peruanos Yeison Flores e Iv\u00e1n Salcedo se les ocurri\u00f3 crear una versi\u00f3n de la red social Facebook solo para sus paisanos, llamado sin ning\u00fan rubor \u201cfacebookperuano.com,\u00a0que\u00a0ha captado ya a 4.000 seguidores.<\/p>\n<p>Sin embargo, la p\u00e1gina que\u00a0 emula a la del estadounidense Mark Zuckerberg, Facebook, fue cerrada ayer poco despu\u00e9s de haber sido\u00a0 creada, pero luego fue rehabilitada, seg\u00fan public\u00f3 el diario peruano El Comercio.<\/p>\n<p>Flores no ha explicado si\u00a0 retir\u00f3 el sitio por alguna advertencia de la red social de Zuckerberg o para hacerle alg\u00fan tipo de mantenimiento. Aunque durante el tiempo que estuvo offline en lugar de la p\u00e1gina aparec\u00eda primero un mensaje de \u201ccuenta suspendida\u201d que despu\u00e9s fue cambiado por \u201cp\u00e1gina fuera de\u00a0 servicio por falsificaci\u00f3n\u201d.<\/p>\n<p>Seg\u00fan relat\u00f3\u00a0 Flores, \u00e9l y Salcedo, que se conocieron por Internet, como no pod\u00eda ser de otro modo, lanzaron el pasado 1 de febrero su propia propuesta para intercomunicar a los peruanos dispersos por el mundo, a imagen y semejanza de la plataforma ideada por\u00a0 Zuckerberg.<\/p>\n<p>Tan es as\u00ed que el dise\u00f1o, el tipo de caracteres usados, el mapa del mundo y gran cantidad de accesorios de su p\u00e1gina est\u00e1n literalmente copiados de la famosa plataforma de Zuckerberg.<\/p>\n<p>\u201cLo creamos con mi amigo, que es de Arequipa (al sur del pa\u00eds)\u201d, contest\u00f3\u00a0 el lime\u00f1o Flores en un mensaje enviado desde la red social, para a continuaci\u00f3n agregar que la finalidad de la plataforma es la de \u201cunir a todos los peruanos\u201d, de los que hay \u201cgran cantidad\u201d en el Facebook tradicional, agreg\u00f3.<\/p>\n<p>El dise\u00f1o es pr\u00e1cticamente una copia id\u00e9ntica al del Facebook original: mantiene los colores azules y blanco de la p\u00e1gina inicial y la imagen de un mapamundi sobre el que se ven bustos de personas que se comunican entre s\u00ed.<\/p>\n<p>Eso s\u00ed, no faltan elementos patri\u00f3ticos como una fotograf\u00eda en segundo plano de la ciudadela inca de Machu Picchu, que en julio pr\u00f3ximo cumplir\u00e1 cien a\u00f1os de su \u201cdescubrimiento\u201d por parte del explorador Hiram Bingham.<\/p>\n<p>Los j\u00f3venes tambi\u00e9n han recurrido a los colores rojo y blanco de la bandera de Per\u00fa para resaltar algunas de las s\u00edlabas del logotipo de su sitio.<\/p>\n<p>La plataforma, que incluye algunos errores ortogr\u00e1ficos, permite al usuario cambiar su estado o en el apartado \u201cmensaje\u201d se ofrece la posibilidad de enviar una informaci\u00f3n privada a otro inscrito.<\/p>\n<p>Una vez aceptadas las condiciones y t\u00e9rminos de uso de la p\u00e1gina, en la que es obligatorio \u201cser peruano\u201d (de hecho es la \u00fanica nacionalidad que aparece en el formulario de registro), uno tiene acceso a su bandeja de entrada, visualizaci\u00f3n de fotograf\u00edas, participaci\u00f3n en un blog y hasta al disfrute de juegos online.<\/p><\/div>\n","protected":false},"excerpt":{"rendered":"<p>En Peru la red social, que emula en casi todo a la del estadounidense Mark Zuckerberg, fue cerrada ayer temporalmente<\/p>\n","protected":false},"author":1448,"featured_media":0,"comment_status":"open","ping_status":"open","sticky":false,"template":"","format":"standard","meta":{"footnotes":""},"categories":[5214,36,597],"tags":[],"class_list":["post-408","post","type-post","status-publish","format-standard","hentry","category-desarrollo-internacional","category-politica","category-redes-sociales"],"_links":{"self":[{"href":"https:\/\/blog.espol.edu.ec\/infoyconocimiento\/wp-json\/wp\/v2\/posts\/408","targetHints":{"allow":["GET"]}}],"collection":[{"href":"https:\/\/blog.espol.edu.ec\/infoyconocimiento\/wp-json\/wp\/v2\/posts"}],"about":[{"href":"https:\/\/blog.espol.edu.ec\/infoyconocimiento\/wp-json\/wp\/v2\/types\/post"}],"author":[{"embeddable":true,"href":"https:\/\/blog.espol.edu.ec\/infoyconocimiento\/wp-json\/wp\/v2\/users\/1448"}],"replies":[{"embeddable":true,"href":"https:\/\/blog.espol.edu.ec\/infoyconocimiento\/wp-json\/wp\/v2\/comments?post=408"}],"version-history":[{"count":1,"href":"https:\/\/blog.espol.edu.ec\/infoyconocimiento\/wp-json\/wp\/v2\/posts\/408\/revisions"}],"predecessor-version":[{"id":411,"href":"https:\/\/blog.espol.edu.ec\/infoyconocimiento\/wp-json\/wp\/v2\/posts\/408\/revisions\/411"}],"wp:attachment":[{"href":"https:\/\/blog.espol.edu.ec\/infoyconocimiento\/wp-json\/wp\/v2\/media?parent=408"}],"wp:term":[{"taxonomy":"category","embeddable":true,"href":"https:\/\/blog.espol.edu.ec\/infoyconocimiento\/wp-json\/wp\/v2\/categories?post=408"},{"taxonomy":"post_tag","embeddable":true,"href":"https:\/\/blog.espol.edu.ec\/infoyconocimiento\/wp-json\/wp\/v2\/tags?post=408"}],"curies":[{"name":"wp","href":"https:\/\/api.w.org\/{rel}","templated":true}]}}