{"id":538,"date":"2011-09-09T12:54:56","date_gmt":"2011-09-09T17:54:56","guid":{"rendered":"http:\/\/blog.espol.edu.ec\/infoyconocimiento\/?p=538"},"modified":"2011-09-09T12:54:56","modified_gmt":"2011-09-09T17:54:56","slug":"facebook-puede-desarrollar-trastornos-de-conducta","status":"publish","type":"post","link":"https:\/\/blog.espol.edu.ec\/infoyconocimiento\/2011\/09\/facebook-puede-desarrollar-trastornos-de-conducta\/","title":{"rendered":"Facebook puede desarrollar trastornos de conducta"},"content":{"rendered":"<p><a href=\"http:\/\/blog.espol.edu.ec\/infoyconocimiento\/files\/2011\/09\/facebook-NOT.jpg\"><img loading=\"lazy\" decoding=\"async\" title=\"facebook-NOT\" class=\"alignleft size-full wp-image-539\" src=\"http:\/\/blog.espol.edu.ec\/infoyconocimiento\/files\/2011\/09\/facebook-NOT.jpg\" alt=\"\" width=\"297\" height=\"300\" \/><\/a>Facebook es la herramienta que a los adultos nos permiti\u00f3 reencontrarnos con nuestro pasado, ver viejos amigos de todos segmentos de nuestra educaci\u00f3n y comprobar que las cosas que parec\u00edan tremendas de chicos hoy son solo simples an\u00e9cdotas.<\/p>\n<p>Ahora bien, en el caso de los adolescentes el tema es bien diferente, seg\u00fan un informe realizado por la Asociaci\u00f3n Americana de Psicolog\u00eda y presentado el pasado fin de semana por el Dr. Larry Rosen, profesor de psicolog\u00eda en la Universidad Estatal de California, Dominguez Hills, quien investiga la relaci\u00f3n entre los j\u00f3venes y la tecnolog\u00eda.<\/p>\n<p>Rosen exhibi\u00f3 su investigaci\u00f3n en la conferencia de la Asociaci\u00f3n Americana de Psicolog\u00eda y explic\u00f3 c\u00f3mo las redes sociales pueden perjudicar tanto a los adolescentes como a los ni\u00f1os.<\/p>\n<p>Seg\u00fan sus estudios, los adolescentes que usuarios frecuentes de Facebook tienen m\u00e1s problemas para dormir, niveles m\u00e1s altos de ansiedad, depresi\u00f3n y dolores de est\u00f3mago.<\/p>\n<p>Los adultos j\u00f3venes y adolescentes que pasan sus d\u00edas dentro de Facebook desarrollan conductas narcisistas y muestran signos de otros trastornos psicol\u00f3gicos, incluyendo las conductas antisociales, man\u00edas y superan en promedio las tendencias agresivas.<\/p>\n<p>A medida que un estudiante asciende en la curva de uso de la tecnolog\u00eda, aumenta tambi\u00e9n su curva de inasistencias a clases formales..<\/p>\n<p>Los internautas que recurren de forma obsesiva a Facebook tienen m\u00e1s probabilidades de ser alcoh\u00f3licos.<br \/>\nEl uso obsesivo de cualquier herramienta tecnol\u00f3gica lleva a reducir notablemente los \u00edndices de concentraci\u00f3n afectando el rendimiento de los estudiantes.<\/p>\n<p>Pero no todo es tan malo en el mundo de las redes sociales, seg\u00fan Rosen algunos de los efectos positivos de las redes sociales utilizadas de forma responsable, brida la posibilidad de aprender \u201cempat\u00eda virtual\u201d y mejorar el mundo de relaci\u00f3n en la vida real.<\/p>\n","protected":false},"excerpt":{"rendered":"<p>Facebook es la herramienta que a los adultos nos permiti\u00f3 reencontrarnos con nuestro pasado, ver viejos amigos de todos segmentos de nuestra educaci\u00f3n y comprobar que las cosas que parec\u00edan tremendas de chicos hoy son solo simples an\u00e9cdotas<\/p>\n","protected":false},"author":1448,"featured_media":0,"comment_status":"open","ping_status":"open","sticky":false,"template":"","format":"standard","meta":{"footnotes":""},"categories":[597,1298],"tags":[],"class_list":["post-538","post","type-post","status-publish","format-standard","hentry","category-redes-sociales","category-sociedad"],"_links":{"self":[{"href":"https:\/\/blog.espol.edu.ec\/infoyconocimiento\/wp-json\/wp\/v2\/posts\/538","targetHints":{"allow":["GET"]}}],"collection":[{"href":"https:\/\/blog.espol.edu.ec\/infoyconocimiento\/wp-json\/wp\/v2\/posts"}],"about":[{"href":"https:\/\/blog.espol.edu.ec\/infoyconocimiento\/wp-json\/wp\/v2\/types\/post"}],"author":[{"embeddable":true,"href":"https:\/\/blog.espol.edu.ec\/infoyconocimiento\/wp-json\/wp\/v2\/users\/1448"}],"replies":[{"embeddable":true,"href":"https:\/\/blog.espol.edu.ec\/infoyconocimiento\/wp-json\/wp\/v2\/comments?post=538"}],"version-history":[{"count":1,"href":"https:\/\/blog.espol.edu.ec\/infoyconocimiento\/wp-json\/wp\/v2\/posts\/538\/revisions"}],"predecessor-version":[{"id":540,"href":"https:\/\/blog.espol.edu.ec\/infoyconocimiento\/wp-json\/wp\/v2\/posts\/538\/revisions\/540"}],"wp:attachment":[{"href":"https:\/\/blog.espol.edu.ec\/infoyconocimiento\/wp-json\/wp\/v2\/media?parent=538"}],"wp:term":[{"taxonomy":"category","embeddable":true,"href":"https:\/\/blog.espol.edu.ec\/infoyconocimiento\/wp-json\/wp\/v2\/categories?post=538"},{"taxonomy":"post_tag","embeddable":true,"href":"https:\/\/blog.espol.edu.ec\/infoyconocimiento\/wp-json\/wp\/v2\/tags?post=538"}],"curies":[{"name":"wp","href":"https:\/\/api.w.org\/{rel}","templated":true}]}}