{"id":128,"date":"2014-11-06T05:16:23","date_gmt":"2014-11-06T05:16:23","guid":{"rendered":"http:\/\/blog.espol.edu.ec\/ivastjim\/?p=128"},"modified":"2014-11-09T16:45:37","modified_gmt":"2014-11-09T16:45:37","slug":"como-evitar-la-caida-del-cabello","status":"publish","type":"post","link":"https:\/\/blog.espol.edu.ec\/ivastjim\/2014\/11\/06\/como-evitar-la-caida-del-cabello\/","title":{"rendered":"C\u00d3MO EVITAR LA CA\u00cdDA DEL CABELLO."},"content":{"rendered":"<p><strong>\u00bfSe te cae el cabello y est\u00e1s preocupada? Hoy les voy a dar algunos consejos para evitar que se les caiga el cabello.<br \/>\n<\/strong><\/p>\n<p>&nbsp;<\/p>\n<p><a href=\"http:\/\/blog.espol.edu.ec\/ivastjim\/files\/2014\/11\/evitar-caida-cabello.jpg\"><img loading=\"lazy\" decoding=\"async\" class=\"wp-image-171 aligncenter\" src=\"http:\/\/blog.espol.edu.ec\/ivastjim\/files\/2014\/11\/evitar-caida-cabello.jpg\" alt=\"evitar-caida-cabello\" width=\"475\" height=\"237\" srcset=\"https:\/\/blog.espol.edu.ec\/ivastjim\/files\/2014\/11\/evitar-caida-cabello.jpg 613w, https:\/\/blog.espol.edu.ec\/ivastjim\/files\/2014\/11\/evitar-caida-cabello-300x149.jpg 300w\" sizes=\"auto, (max-width: 475px) 100vw, 475px\" \/><\/a><\/p>\n<p>&nbsp;<\/p>\n<p>Primero y ante todo, debes pensar que hay \u00e9pocas del a\u00f1o en el que\u00a0 el cabello se nos cae m\u00e1s que normalmente, as\u00ed que podemos decir que es algo normal. Pero para evitar que se nos caiga, aqu\u00ed les dejo algunos consejos.<\/p>\n<ul>\n<li>Masajear el cabello con alg\u00fan tipo de aceite (aceite de coco o almendras) ayuda a combatir la ca\u00edda del cabello, porque el masaje mejora la circulaci\u00f3n de la sangre y las propiedades del aceite actuar\u00e1n mejor.<\/li>\n<li>Evitar peinar el cabello muy a menudo porque, a parte que puede romperse con m\u00e1s facilidad, provocas que caiga m\u00e1s. Si tienes enredos, lo mejor es peinar de medios a puntas, sin tirar de la ra\u00edz.<\/li>\n<li>Evitar, tambi\u00e9n, peinar el cabello cuando est\u00e9 mojado, porque est\u00e1 m\u00e1s d\u00e9bil y puede caerse o romperse con m\u00e1s facilidad.<\/li>\n<li>Secar el cabello con una toalla de micro fibra y a toques. Si frotamos nuestro cabello mojado con una toalla, al estar d\u00e9bil se puede caer y romper con m\u00e1s facilidad.<\/li>\n<li>Controlar el estr\u00e9s porque a veces provoca la ca\u00edda del cabello. Para ello, debemos descansar bien y hacer ejercicio con regularidad.<\/li>\n<li>Consumir prote\u00edna. El pelo est\u00e1 compuesto de <a href=\"http:\/\/es.wikipedia.org\/wiki\/Queratina\" target=\"_blank\">queratina<\/a> (un tipo de prote\u00edna). As\u00ed que para que el cabello no se caiga y se nos vea fuerte y brillante, hay que consumir <a href=\"http:\/\/es.wikipedia.org\/wiki\/Prote%C3%ADna\" target=\"_blank\">prote\u00ednas<\/a> (leche, huevos, pescado y carne).<\/li>\n<li>Mejor llevar el cabello suelto y no atado siempre en una coleta.<\/li>\n<\/ul>\n","protected":false},"excerpt":{"rendered":"<p>\u00bfSe te cae el cabello y est\u00e1s preocupada? Hoy les voy a dar algunos consejos para evitar que se les caiga el cabello. &nbsp; &nbsp; Primero y ante todo, debes pensar que hay \u00e9pocas del a\u00f1o en el que\u00a0 el &hellip; <a href=\"https:\/\/blog.espol.edu.ec\/ivastjim\/2014\/11\/06\/como-evitar-la-caida-del-cabello\/\">Sigue leyendo <span class=\"meta-nav\">&rarr;<\/span><\/a><\/p>\n","protected":false},"author":9425,"featured_media":0,"comment_status":"open","ping_status":"open","sticky":false,"template":"","format":"standard","meta":{"footnotes":""},"categories":[818],"tags":[],"class_list":["post-128","post","type-post","status-publish","format-standard","hentry","category-sin-categoria"],"_links":{"self":[{"href":"https:\/\/blog.espol.edu.ec\/ivastjim\/wp-json\/wp\/v2\/posts\/128","targetHints":{"allow":["GET"]}}],"collection":[{"href":"https:\/\/blog.espol.edu.ec\/ivastjim\/wp-json\/wp\/v2\/posts"}],"about":[{"href":"https:\/\/blog.espol.edu.ec\/ivastjim\/wp-json\/wp\/v2\/types\/post"}],"author":[{"embeddable":true,"href":"https:\/\/blog.espol.edu.ec\/ivastjim\/wp-json\/wp\/v2\/users\/9425"}],"replies":[{"embeddable":true,"href":"https:\/\/blog.espol.edu.ec\/ivastjim\/wp-json\/wp\/v2\/comments?post=128"}],"version-history":[{"count":8,"href":"https:\/\/blog.espol.edu.ec\/ivastjim\/wp-json\/wp\/v2\/posts\/128\/revisions"}],"predecessor-version":[{"id":201,"href":"https:\/\/blog.espol.edu.ec\/ivastjim\/wp-json\/wp\/v2\/posts\/128\/revisions\/201"}],"wp:attachment":[{"href":"https:\/\/blog.espol.edu.ec\/ivastjim\/wp-json\/wp\/v2\/media?parent=128"}],"wp:term":[{"taxonomy":"category","embeddable":true,"href":"https:\/\/blog.espol.edu.ec\/ivastjim\/wp-json\/wp\/v2\/categories?post=128"},{"taxonomy":"post_tag","embeddable":true,"href":"https:\/\/blog.espol.edu.ec\/ivastjim\/wp-json\/wp\/v2\/tags?post=128"}],"curies":[{"name":"wp","href":"https:\/\/api.w.org\/{rel}","templated":true}]}}