{"id":117,"date":"2010-02-14T12:00:40","date_gmt":"2010-02-14T17:00:40","guid":{"rendered":"http:\/\/blog.espol.edu.ec\/jalvarad\/?p=117"},"modified":"2010-05-03T18:15:48","modified_gmt":"2010-05-03T23:15:48","slug":"la-marcha-de-guayaquil","status":"publish","type":"post","link":"https:\/\/blog.espol.edu.ec\/jalvarad\/2010\/02\/14\/la-marcha-de-guayaquil\/","title":{"rendered":"La marcha de Guayaquil"},"content":{"rendered":"<p><!--[if gte mso 9]&gt;  Normal 0 21   false false false        MicrosoftInternetExplorer4  &lt;![endif]--><!--[if gte mso 9]&gt;   &lt;![endif]--><!--[if !mso]&gt;--><\/p>\n<p><!--[if gte mso 9]&gt;  Normal 0 21   false false false        MicrosoftInternetExplorer4  &lt;![endif]--><!--[if gte mso 9]&gt;   &lt;![endif]--><!--[if !mso]&gt;-->Yo soy guayaquile\u00f1o y vivo en Quito, yo pienso que si Guayaquil no se siente atendida tiene derecho a protestar. Pero ahora que veo los toros de lejos muchas de estos tipos de marchas han sido para afianzar el\u00a0 poder pol\u00edtico local de las oligarqu\u00edas guayacas. Oligarqu\u00edas que han tenido una visi\u00f3n asistencialista y clientelar con el pueblo cholo de Guayaquil, se preocupan solo por darle es pescado pero no por ense\u00f1arle a pescar, y pescar competitivamente a nivel mundial.<\/p>\n<p>No es una visi\u00f3n empe\u00f1ada en transformar a Guayaquil en una potencia econ\u00f3mica como con un New York o Londres, en la cual se produce en base al\u00a0 uso intensivo del conocimiento. Para que nos invita a marchar para que los oligarcas guayacos sean los amos, para los de la clase media seamos los capataces y para que el pueblo cholo sean los peones, para eso nos invita marchar , lo siento pero yo paso, es una reedici\u00f3n testadura del modelo econ\u00f3mico y social de la hacienda.<\/p>\n<p>Como les digo no existe una visi\u00f3n de convertir a Guayaquil otro tipo de urbe, no se protesta por que exista una mejor infraestructura educativa estatal en Guayaquil, no se protesta por que exista proyectos estrat\u00e9gicos como un parque tecnol\u00f3gico en Guayaquil o que exista un museo interactivo de la ciencia para los ni\u00f1os, o no se protesta para que Guayaquil reciba una mayor cantidad de becas para estudiar al exterior, yo estoy en Quito\u00a0 y veo que no hace falta ser un genio para conseguir una beca, solo contactos adecuados con el poder pol\u00edtico. En cambio de Guayaquil para que consigas una beca debes ser casi un genio. Un ejemplo corto: En Quito ten\u00eda una empleada domestica que no sab\u00eda sumar bien, pero sin embargo sus antiguos patrones le hab\u00edan conseguido una beca en Cuba, para estudiar Ingenier\u00eda Agroindustrial.<\/p>\n<p>Pero para eso desgraciadamente no se marcha. Solo se marcha para consolidar los intereses de la oligarqu\u00eda guayaca que son muy h\u00e1biles para mimetizarse con los \"intereses de la ciudad\" , y seguir manejando los recursos del Estado, de manera discrecional.<\/p>\n<p>Para que se protesta? Para que la  Junta de Beneficencia siga teniendo privilegios, que dizque ayuda en forma eficiente a los pobres. Ser\u00e1 tan eficiente como se proclama, se habr\u00e1 hecho alguna vez una auditoria de gesti\u00f3n de la Junta, sabemos que atiende a muchas personas, pero no sabemos si podr\u00eda atender a mas personas con esa misma cantidad de recursos que recibe principalmente del Estado, ya sea de forma directa como partidas presupuestaria y forma indirecta como el monopolio sobre negocio de loter\u00edas en el pa\u00eds.<\/p>\n<p>Como guayaquile\u00f1o reconozco lo que hicieron LFC y Nebot , pero la visi\u00f3n debe cambiar de Guayaquil de verla como una hacienda, esta bien embellecieron la hacienda, pero la hacienda debe transformarse en una ciudad cosmopolita y multicultural\u00a0 donde desde el que lava los pisos sepa hablar ingles, tal como los vi. en Israel, o donde haya cabida a centros de investigaci\u00f3n como lo existe en ciertas partes de la  India.<\/p>\n<p class=\"MsoNormal\">\n","protected":false},"excerpt":{"rendered":"<p>Yo soy guayaquile\u00f1o y vivo en Quito, yo pienso que si Guayaquil no se siente atendida tiene derecho a protestar. Pero ahora que veo los toros de lejos muchas de estos tipos de marchas han sido para afianzar el\u00a0 poder pol\u00edtico local de las oligarqu\u00edas guayacas. Oligarqu\u00edas que han tenido una visi\u00f3n asistencialista y clientelar [&hellip;]<\/p>\n","protected":false},"author":767,"featured_media":0,"comment_status":"open","ping_status":"open","sticky":false,"template":"","format":"standard","meta":{"footnotes":""},"categories":[36],"tags":[],"class_list":["post-117","post","type-post","status-publish","format-standard","hentry","category-politica"],"_links":{"self":[{"href":"https:\/\/blog.espol.edu.ec\/jalvarad\/wp-json\/wp\/v2\/posts\/117","targetHints":{"allow":["GET"]}}],"collection":[{"href":"https:\/\/blog.espol.edu.ec\/jalvarad\/wp-json\/wp\/v2\/posts"}],"about":[{"href":"https:\/\/blog.espol.edu.ec\/jalvarad\/wp-json\/wp\/v2\/types\/post"}],"author":[{"embeddable":true,"href":"https:\/\/blog.espol.edu.ec\/jalvarad\/wp-json\/wp\/v2\/users\/767"}],"replies":[{"embeddable":true,"href":"https:\/\/blog.espol.edu.ec\/jalvarad\/wp-json\/wp\/v2\/comments?post=117"}],"version-history":[{"count":6,"href":"https:\/\/blog.espol.edu.ec\/jalvarad\/wp-json\/wp\/v2\/posts\/117\/revisions"}],"predecessor-version":[{"id":119,"href":"https:\/\/blog.espol.edu.ec\/jalvarad\/wp-json\/wp\/v2\/posts\/117\/revisions\/119"}],"wp:attachment":[{"href":"https:\/\/blog.espol.edu.ec\/jalvarad\/wp-json\/wp\/v2\/media?parent=117"}],"wp:term":[{"taxonomy":"category","embeddable":true,"href":"https:\/\/blog.espol.edu.ec\/jalvarad\/wp-json\/wp\/v2\/categories?post=117"},{"taxonomy":"post_tag","embeddable":true,"href":"https:\/\/blog.espol.edu.ec\/jalvarad\/wp-json\/wp\/v2\/tags?post=117"}],"curies":[{"name":"wp","href":"https:\/\/api.w.org\/{rel}","templated":true}]}}