{"id":129,"date":"2010-04-23T09:20:43","date_gmt":"2010-04-23T14:20:43","guid":{"rendered":"http:\/\/blog.espol.edu.ec\/jalvarad\/?p=129"},"modified":"2010-04-23T09:20:43","modified_gmt":"2010-04-23T14:20:43","slug":"medidas-medioambientales","status":"publish","type":"post","link":"https:\/\/blog.espol.edu.ec\/jalvarad\/2010\/04\/23\/medidas-medioambientales\/","title":{"rendered":"Medidas medioambientales"},"content":{"rendered":"<p>En el mundo existen diferentes iniciativas para combatir el cambio clim\u00e1tico, \u00a0est\u00e1n desde los que cambia radicalmente su estilo de vida y llegan a comer desperdicios para evitar generar mas cargas medio ambientales y est\u00e1n los que reciclan, tambi\u00e9n est\u00e1n los que usan la bicicleta como medio de transporte.<\/p>\n<p>Es evidente que el mundo existe una preocupaci\u00f3n por este tema, pero yo creo estas medidas sean definitivas para evitar el cambio clim\u00e1tico, son peque\u00f1as y pobres para la magnitud del problema que tenemos en enfrente. M\u00e1s bien son medidas concietizadoras antes que determinantes. La medida de fondo ser\u00e1 el momento que se cargue con mas impuestos al que mas contamina, Es decir que se cargue con impuestos adicionales a los productos como una simple botella de pl\u00e1stico (que no sea degradable), o productos como la pila o los celulares que tienen componentes qu\u00edmicos que contamina las aguas.<\/p>\n<p>Y as\u00ed el consumidor estar\u00eda realmente pagando por la carga ecol\u00f3gica que genera su consumo, este si seria una medida de fondo. Y las industrias enfocar\u00edan la producci\u00f3n de productos m\u00e1s amigables con el medio ambiente ya que estos les permitir\u00eda tener productos con menores cargas impositivas y tener productos\u00a0 mas competitivos. Con estos alineamos la industria y el consumo con el medio ambiente.<\/p>\n<p>Pero que pasa con este tipo de medida: \u00a0Que los pa\u00edses industrializados, los que mas contaminan, se resiste a imponerla en sus pa\u00edses que dizque se afectar\u00edan las fuentes de empleo. Pero yo me pregunto: A que se debe en parte, la prosperidad de estos pa\u00edses, a atentar con el medio ambiente y no tener el nivel de recompensa suficiente al medio ambiente por la carga ecol\u00f3gica que genera su consumo.<\/p>\n<p>\ufeff<\/p>\n","protected":false},"excerpt":{"rendered":"<p>En el mundo existen diferentes iniciativas para combatir el cambio clim\u00e1tico, \u00a0est\u00e1n desde los que cambia radicalmente su estilo de vida y llegan a comer desperdicios para evitar generar mas cargas medio ambientales y est\u00e1n los que reciclan, tambi\u00e9n est\u00e1n los que usan la bicicleta como medio de transporte. Es evidente que el mundo existe [&hellip;]<\/p>\n","protected":false},"author":767,"featured_media":0,"comment_status":"open","ping_status":"open","sticky":false,"template":"","format":"standard","meta":{"footnotes":""},"categories":[1257,4415],"tags":[],"class_list":["post-129","post","type-post","status-publish","format-standard","hentry","category-actualidad","category-divagaciones"],"_links":{"self":[{"href":"https:\/\/blog.espol.edu.ec\/jalvarad\/wp-json\/wp\/v2\/posts\/129","targetHints":{"allow":["GET"]}}],"collection":[{"href":"https:\/\/blog.espol.edu.ec\/jalvarad\/wp-json\/wp\/v2\/posts"}],"about":[{"href":"https:\/\/blog.espol.edu.ec\/jalvarad\/wp-json\/wp\/v2\/types\/post"}],"author":[{"embeddable":true,"href":"https:\/\/blog.espol.edu.ec\/jalvarad\/wp-json\/wp\/v2\/users\/767"}],"replies":[{"embeddable":true,"href":"https:\/\/blog.espol.edu.ec\/jalvarad\/wp-json\/wp\/v2\/comments?post=129"}],"version-history":[{"count":1,"href":"https:\/\/blog.espol.edu.ec\/jalvarad\/wp-json\/wp\/v2\/posts\/129\/revisions"}],"predecessor-version":[{"id":130,"href":"https:\/\/blog.espol.edu.ec\/jalvarad\/wp-json\/wp\/v2\/posts\/129\/revisions\/130"}],"wp:attachment":[{"href":"https:\/\/blog.espol.edu.ec\/jalvarad\/wp-json\/wp\/v2\/media?parent=129"}],"wp:term":[{"taxonomy":"category","embeddable":true,"href":"https:\/\/blog.espol.edu.ec\/jalvarad\/wp-json\/wp\/v2\/categories?post=129"},{"taxonomy":"post_tag","embeddable":true,"href":"https:\/\/blog.espol.edu.ec\/jalvarad\/wp-json\/wp\/v2\/tags?post=129"}],"curies":[{"name":"wp","href":"https:\/\/api.w.org\/{rel}","templated":true}]}}