{"id":276,"date":"2011-12-02T22:07:39","date_gmt":"2011-12-03T03:07:39","guid":{"rendered":"http:\/\/blog.espol.edu.ec\/jalvarad\/?p=276"},"modified":"2011-12-02T22:07:39","modified_gmt":"2011-12-03T03:07:39","slug":"el-d_fecto-barroco","status":"publish","type":"post","link":"https:\/\/blog.espol.edu.ec\/jalvarad\/2011\/12\/02\/el-d_fecto-barroco\/","title":{"rendered":"El d_fecto barroco"},"content":{"rendered":"<p>Me fui a ver el d_efecto barroco, en el museo de arte contempor\u00e1neo. En esta exposici\u00f3n  b\u00e1sicamente de tipo audiovisual, se presentan videos donde se muestra ejemplos del pensamiento barroco actual en Latinoam\u00e9rica. <\/p>\n<p>El pensamiento barroco, es a lo que yo llamaba el pensamiento culebrero en el Ecuador, no le hab\u00eda puesto ese nombre tan elegante. El pensamiento barroco b\u00e1sicamente genera adornos sobrecargados para evitar o enmascarar el conflicto, para vivir una fantas\u00eda que todo es harmon\u00eda, que todo est\u00e1 bien, de evitar de asumir la esencia de las cosas. <\/p>\n<p>Este pensamiento est\u00e1 impregnado en Latinoam\u00e9rica en casi todas nuestras costumbres, desde nuestra forma de jugar al futbol, ese futbol de toquecitos de chichecitos que no busca el camino m\u00e1s directo para llegar al gol, hasta el discurso de nuestro pol\u00edticos que con su demagogia fantasiosa, captura el favor de las masas, pasando por temas como el realismo m\u00e1gico en la Literatura o los personajes criollos en nuestro medio como el chulla quite\u00f1o, un personaje que a trav\u00e9s de su verbo florido y su ropajes esconde su origen indio. <\/p>\n<p>Personalmente me hab\u00eda chocado con este pensamiento, cuando yo planteaba proyectos sobre sistemas inteligentes, ya sea en Quito o en Guayaquil en diferentes instituciones del sector p\u00fablico o privado, y las personas encargadas de dar su visto bueno al proyecto, generaba cuestionamientos superficiales a los proyectos, me daban la impresi\u00f3n que no captaban la esencia del proyecto en cuesti\u00f3n y se limitaban a realizar cr\u00edticas sobre cosas marginales y la forma de vender este proyecto era usando la demagogia o involucrarlo emocionalmente al comprador para que este se entusiasme por el proyecto. Cr\u00e9ame con gerentes o tomadores de decisiones as\u00ed, no se puede desarrollar este pa\u00eds. Ahora veo que todo es parte de nuestra cultura Latinoamericana. <\/p>\n<p>El estilo del presidente Correa es anti barroco, para conseguir algo, \u00e9l trata siempre de confrontar, siempre ir por la l\u00ednea directa, olvid\u00e1ndose de la sinuosa l\u00ednea barroca de anteriores mandatarios. Me parece que esto genera una reacci\u00f3n en el Ecuador, mucha gente no le perdona al presidente esa forma de ser, podr\u00e1n estar de acuerdo con la intenci\u00f3n o el fondo, pero no le perdonan que rompa la forma barroca de convivencia social.  <\/p>\n<p>No creo que la modernidad o las nuevas tecnolog\u00edas rompan esta forma de pensar, pero si podr\u00eda formar casos aislados de eficiencia y excelencia, de referentes que en el Ecuador pueden llegar hacer cosas de excelencia, dos ejemplos de esto: es la Liga de Quito y el otro es el chocolate Pacar\u00ed. <\/p>\n","protected":false},"excerpt":{"rendered":"<p>Me fui a ver el d_efecto barroco, en el museo de arte contempor\u00e1neo. En esta exposici\u00f3n b\u00e1sicamente de tipo audiovisual, se presentan videos donde se muestra ejemplos del pensamiento barroco actual en Latinoam\u00e9rica. El pensamiento barroco, es a lo que yo llamaba el pensamiento culebrero en el Ecuador, no le hab\u00eda puesto ese nombre tan [&hellip;]<\/p>\n","protected":false},"author":767,"featured_media":0,"comment_status":"open","ping_status":"closed","sticky":false,"template":"","format":"standard","meta":{"footnotes":""},"categories":[1257,34512,4415,34510,36,34509],"tags":[],"class_list":["post-276","post","type-post","status-publish","format-standard","hentry","category-actualidad","category-antropologia","category-divagaciones","category-identidad-nacional","category-politica","category-sociologia"],"_links":{"self":[{"href":"https:\/\/blog.espol.edu.ec\/jalvarad\/wp-json\/wp\/v2\/posts\/276","targetHints":{"allow":["GET"]}}],"collection":[{"href":"https:\/\/blog.espol.edu.ec\/jalvarad\/wp-json\/wp\/v2\/posts"}],"about":[{"href":"https:\/\/blog.espol.edu.ec\/jalvarad\/wp-json\/wp\/v2\/types\/post"}],"author":[{"embeddable":true,"href":"https:\/\/blog.espol.edu.ec\/jalvarad\/wp-json\/wp\/v2\/users\/767"}],"replies":[{"embeddable":true,"href":"https:\/\/blog.espol.edu.ec\/jalvarad\/wp-json\/wp\/v2\/comments?post=276"}],"version-history":[{"count":1,"href":"https:\/\/blog.espol.edu.ec\/jalvarad\/wp-json\/wp\/v2\/posts\/276\/revisions"}],"predecessor-version":[{"id":277,"href":"https:\/\/blog.espol.edu.ec\/jalvarad\/wp-json\/wp\/v2\/posts\/276\/revisions\/277"}],"wp:attachment":[{"href":"https:\/\/blog.espol.edu.ec\/jalvarad\/wp-json\/wp\/v2\/media?parent=276"}],"wp:term":[{"taxonomy":"category","embeddable":true,"href":"https:\/\/blog.espol.edu.ec\/jalvarad\/wp-json\/wp\/v2\/categories?post=276"},{"taxonomy":"post_tag","embeddable":true,"href":"https:\/\/blog.espol.edu.ec\/jalvarad\/wp-json\/wp\/v2\/tags?post=276"}],"curies":[{"name":"wp","href":"https:\/\/api.w.org\/{rel}","templated":true}]}}