{"id":96,"date":"2009-12-16T15:20:45","date_gmt":"2009-12-16T20:20:45","guid":{"rendered":"http:\/\/blog.espol.edu.ec\/jalvarad\/?p=96"},"modified":"2010-05-03T18:17:53","modified_gmt":"2010-05-03T23:17:53","slug":"libertad-y-eficiencia","status":"publish","type":"post","link":"https:\/\/blog.espol.edu.ec\/jalvarad\/2009\/12\/16\/libertad-y-eficiencia\/","title":{"rendered":"Libertad y Eficiencia"},"content":{"rendered":"<p><!--[if gte mso 9]&gt;  Normal 0 21   false false false        MicrosoftInternetExplorer4  &lt;![endif]--><!--[if gte mso 9]&gt;   &lt;![endif]-->Yo me considero un liberal, un tipo de centro derecha, ya que aprecio que la libertad econ\u00f3mica genera eficiencia econ\u00f3mica, premia a los que produce mas. Y mayor producci\u00f3n eficiente es el fundamento material para que se sustente una sociedad, hasta aqu\u00ed ch\u00e9vere.<\/p>\n<p>Pero que pasa cuando la sociedad se vuelve tremendamente eficiente, cuando solo hay tiempo para producir pero no para compartir, cuando estamos atados a la rueda producci\u00f3n-consumo-producci\u00f3n, que es lo que pasa en ese momento: es que perdemos la libertad,\u00a0 ya que la eficiencia econ\u00f3mica y la fuerzas del mercado nos induce a actuar en base a la memoria, es decir a ser aut\u00f3matas, en la cual actuamos como optimizadores glotones de nuestro bienestar,\u00a0 atrapados en \u00f3ptimos locales que son marcan nuestros recuerdos limitadores, y nos impide probar otras posibilidades : \"No arriesgues, te puede ir mal\", \"No te juntes con ese que te puede hacer da\u00f1o\", \"Debes mantener la compostura y lo coherencia, o sino no ser\u00e1s aceptado\" , \u201cSi viene de Europea es mejor\u201d, \"Si viene de USA es mejor\"<\/p>\n<p>Y esto algo parad\u00f3jico, como la libertad se transforma en una c\u00e1rcel de conveniencias y prejuicios, que garantiza la eficiencia econ\u00f3mica, sino me creen observen como se comporta las redes de intereses econ\u00f3micos en la sociedad: redes de cliente-proveedores, redes de contactos de trabajo,\u00a0 redes de contactos politicos.<\/p>\n<p>Reaccionar en base a la memoria, es una programaci\u00f3n evolutiva, ya que permite reconocer rapidamente un peligro, pero el problema creo esta cuando esta memoria nos maneja y no al reves.<\/p>\n<p class=\"MsoNormal\"><span> <\/span><\/p>\n","protected":false},"excerpt":{"rendered":"<p>Yo me considero un liberal, un tipo de centro derecha, ya que aprecio que la libertad econ\u00f3mica genera eficiencia econ\u00f3mica, premia a los que produce mas. Y mayor producci\u00f3n eficiente es el fundamento material para que se sustente una sociedad, hasta aqu\u00ed ch\u00e9vere. Pero que pasa cuando la sociedad se vuelve tremendamente eficiente, cuando solo [&hellip;]<\/p>\n","protected":false},"author":767,"featured_media":0,"comment_status":"open","ping_status":"open","sticky":false,"template":"","format":"standard","meta":{"footnotes":""},"categories":[4415,36],"tags":[],"class_list":["post-96","post","type-post","status-publish","format-standard","hentry","category-divagaciones","category-politica"],"_links":{"self":[{"href":"https:\/\/blog.espol.edu.ec\/jalvarad\/wp-json\/wp\/v2\/posts\/96","targetHints":{"allow":["GET"]}}],"collection":[{"href":"https:\/\/blog.espol.edu.ec\/jalvarad\/wp-json\/wp\/v2\/posts"}],"about":[{"href":"https:\/\/blog.espol.edu.ec\/jalvarad\/wp-json\/wp\/v2\/types\/post"}],"author":[{"embeddable":true,"href":"https:\/\/blog.espol.edu.ec\/jalvarad\/wp-json\/wp\/v2\/users\/767"}],"replies":[{"embeddable":true,"href":"https:\/\/blog.espol.edu.ec\/jalvarad\/wp-json\/wp\/v2\/comments?post=96"}],"version-history":[{"count":6,"href":"https:\/\/blog.espol.edu.ec\/jalvarad\/wp-json\/wp\/v2\/posts\/96\/revisions"}],"predecessor-version":[{"id":146,"href":"https:\/\/blog.espol.edu.ec\/jalvarad\/wp-json\/wp\/v2\/posts\/96\/revisions\/146"}],"wp:attachment":[{"href":"https:\/\/blog.espol.edu.ec\/jalvarad\/wp-json\/wp\/v2\/media?parent=96"}],"wp:term":[{"taxonomy":"category","embeddable":true,"href":"https:\/\/blog.espol.edu.ec\/jalvarad\/wp-json\/wp\/v2\/categories?post=96"},{"taxonomy":"post_tag","embeddable":true,"href":"https:\/\/blog.espol.edu.ec\/jalvarad\/wp-json\/wp\/v2\/tags?post=96"}],"curies":[{"name":"wp","href":"https:\/\/api.w.org\/{rel}","templated":true}]}}