{"id":75,"date":"2014-11-10T23:08:31","date_gmt":"2014-11-11T04:08:31","guid":{"rendered":"http:\/\/blog.espol.edu.ec\/jaramos\/?p=75"},"modified":"2014-11-11T22:37:05","modified_gmt":"2014-11-12T03:37:05","slug":"el-arte-de-vivir-juntos","status":"publish","type":"post","link":"https:\/\/blog.espol.edu.ec\/jaramos\/2014\/11\/10\/el-arte-de-vivir-juntos\/","title":{"rendered":"EL ARTE DE VIVIR JUNTOS"},"content":{"rendered":"<header class=\"entry-header\">\n<div class=\"top-sp-wrap\">\n<h1 class=\"entry-title\"><a href=\"http:\/\/ismaelcala.com\/el-arte-de-vivir-juntos\/\" rel=\"bookmark\">El arte de vivir juntos<\/a><\/h1>\n<\/div>\n<div class=\"entry-thumbnail single-img\"><img loading=\"lazy\" decoding=\"async\" class=\"attachment-single-page wp-post-image img-responsive\" src=\"http:\/\/ismaelcala.com\/wp-content\/uploads\/2014\/09\/unidos.jpg\" alt=\"unidos\" width=\"640\" height=\"450\" \/><\/div>\n<\/header>\n<div class=\"entry-content\">\n<p><strong>Por ISMAEL CALA<\/strong><\/p>\n<p>Uno de los instintos naturales de los seres humanos es el gregario, o sea, el que nos impulsa a vivir en colectividad. Esta tendencia a no acatar la soledad impone regulaciones legales, reglas de convivencia, la inmensa mayor\u00eda regidas por patrones jur\u00eddicos que tienden a asegurar el respeto al derecho ajeno, a normar patrones de conducta social. Su desobediencia, en casi todos los casos, implica medidas punitivas.<\/p>\n<p>Pero, esta vida en colectividad que tanto nos ampara, para que funcione como es debido, requiere tambi\u00e9n del cumplimiento de otras obligaciones cuya desobediencia, sin embargo, no contempla sanciones legales de ninguna naturaleza. \u00a1No se acatan y nada sucede! Son actitudes negativas, muy nocivas, que emergen desde los m\u00e1s oscuros rincones del esp\u00edritu humano. Una de esas actitudes, quiz\u00e1s la m\u00e1s perniciosa, es la falta de solidaridad.<\/p>\n<p>Digo que quiz\u00e1s es la m\u00e1s perniciosa porque la solidaridad es una virtud sustancialmente humana. No ejercerla niega uno de los dones que m\u00e1s nos enaltecen, provoca que se soslaye la necesidad que tenemos de interactuar unos con otros, de apoyarnos de manera mutua. No ejercerla lanza al olvido que todos formamos parte de este mundo, que vivimos bajo el mismo cielo y corremos iguales riesgos.<\/p>\n<p>\u201cLa solidaridad no es un sentimiento de vaga compasi\u00f3n, o una peque\u00f1a incomodidad por las cosas malas que le pasan a mucha gente\u201d, expres\u00f3 Juan Pablo II. \u201cLa solidaridad, por el contrario \u2014continuaba diciendo\u2014 es una determinaci\u00f3n firme y perseverante para comprometernos en el bien de todos y cada uno de los individuos. En realidad, todos somos responsables de todos\u201d. Seg\u00fan estas hermosas palabras, \u201cno ser solidario convierte a los humanos en seres irresponsables\u201d.<\/p>\n<p>La solidaridad es una virtud que se opone al burdo materialismo, al individualismo, a la egolatr\u00eda, al ego\u00edsmo; tiene como prop\u00f3sito vital el bien de los dem\u00e1s. Al igual que la d\u00e1diva, no se materializa de manera \u00fanica en el campo de lo material, sino tambi\u00e9n en el espiritual. Las grandes historias que narran sucesos de solidaridad humana se refieren, en esencia, a la espiritualidad.<\/p>\n<p>Cuando ejercemos esta virtud, no tenemos en cuenta la raza, el sexo, la nacionalidad, la posici\u00f3n social o filosof\u00eda de aquellos a quienes pretendemos apoyar, porque es una manifestaci\u00f3n que, ante todo, reconoce que somos iguales. Seres humanos que un d\u00eda damos y otro recibimos.<\/p>\n<p>No actuar con esp\u00edritu solidario deja mucho que desear de nuestra espiritualidad, desdice de la bondad, del amor al pr\u00f3jimo e incluso de la capacidad de razonar. Nada que perjudique la coexistencia armoniosa de los que vivimos sobre este planeta, puede considerarse una expresi\u00f3n de inteligencia. La solidaridad no requiere nada a cambio.<\/p>\n<p>Lamentablemente, en este campo, a los seres humanos nos falta mucho por andar. Mezquinos intereses pol\u00edticos, econ\u00f3micos, filos\u00f3ficos y hasta religiosos conspiran contra esta hermosa virtud humana.<\/p>\n<p>Martin Luther King, el gran luchador por los derechos civiles, nos deja bien sentado que \u201chemos aprendido a volar como los p\u00e1jaros, a nadar como los peces, pero no hemos aprendido el arte de vivir juntos, como hermanos.<\/p>\n<\/div>\n","protected":false},"excerpt":{"rendered":"<p>El arte de vivir juntos Por ISMAEL CALA Uno de los instintos naturales de los seres humanos es el gregario, o sea, el que nos impulsa a vivir en colectividad. Esta tendencia a no acatar la soledad impone regulaciones legales, reglas de convivencia, la inmensa mayor\u00eda regidas por patrones jur\u00eddicos que tienden a asegurar el [&hellip;]<\/p>\n","protected":false},"author":9285,"featured_media":0,"comment_status":"open","ping_status":"open","sticky":false,"template":"","format":"aside","meta":{"footnotes":""},"categories":[818],"tags":[],"class_list":["post-75","post","type-post","status-publish","format-aside","hentry","category-sin-categoria","post_format-post-format-aside"],"_links":{"self":[{"href":"https:\/\/blog.espol.edu.ec\/jaramos\/wp-json\/wp\/v2\/posts\/75","targetHints":{"allow":["GET"]}}],"collection":[{"href":"https:\/\/blog.espol.edu.ec\/jaramos\/wp-json\/wp\/v2\/posts"}],"about":[{"href":"https:\/\/blog.espol.edu.ec\/jaramos\/wp-json\/wp\/v2\/types\/post"}],"author":[{"embeddable":true,"href":"https:\/\/blog.espol.edu.ec\/jaramos\/wp-json\/wp\/v2\/users\/9285"}],"replies":[{"embeddable":true,"href":"https:\/\/blog.espol.edu.ec\/jaramos\/wp-json\/wp\/v2\/comments?post=75"}],"version-history":[{"count":3,"href":"https:\/\/blog.espol.edu.ec\/jaramos\/wp-json\/wp\/v2\/posts\/75\/revisions"}],"predecessor-version":[{"id":78,"href":"https:\/\/blog.espol.edu.ec\/jaramos\/wp-json\/wp\/v2\/posts\/75\/revisions\/78"}],"wp:attachment":[{"href":"https:\/\/blog.espol.edu.ec\/jaramos\/wp-json\/wp\/v2\/media?parent=75"}],"wp:term":[{"taxonomy":"category","embeddable":true,"href":"https:\/\/blog.espol.edu.ec\/jaramos\/wp-json\/wp\/v2\/categories?post=75"},{"taxonomy":"post_tag","embeddable":true,"href":"https:\/\/blog.espol.edu.ec\/jaramos\/wp-json\/wp\/v2\/tags?post=75"}],"curies":[{"name":"wp","href":"https:\/\/api.w.org\/{rel}","templated":true}]}}