{"id":17,"date":"2011-06-30T15:46:14","date_gmt":"2011-06-30T15:46:14","guid":{"rendered":"http:\/\/blog.espol.edu.ec\/javilla\/?p=17"},"modified":"2011-06-30T15:47:38","modified_gmt":"2011-06-30T15:47:38","slug":"17","status":"publish","type":"post","link":"https:\/\/blog.espol.edu.ec\/javilla\/2011\/06\/30\/17\/","title":{"rendered":""},"content":{"rendered":"<p><a href=\"http:\/\/blog.espol.edu.ec\/javilla\/files\/2011\/06\/fb.jpg\"><img loading=\"lazy\" decoding=\"async\" src=\"http:\/\/blog.espol.edu.ec\/javilla\/files\/2011\/06\/fb-300x187.jpg\" alt=\"\" title=\"fb\" width=\"300\" height=\"187\" class=\"alignnone size-medium wp-image-18\" srcset=\"https:\/\/blog.espol.edu.ec\/javilla\/files\/2011\/06\/fb-300x187.jpg 300w, https:\/\/blog.espol.edu.ec\/javilla\/files\/2011\/06\/fb.jpg 864w\" sizes=\"auto, (max-width: 300px) 100vw, 300px\" \/><\/a><\/p>\n<p><strong>D\u00eda mundial de las redes sociales<\/strong><\/p>\n<p>Hoy se celebra en todo el mundo el D\u00eda de las Redes Sociales, m\u00e1s de 93 pa\u00edses se han sumado a esta iniciativa, siendo Nueva York la sede central de la celebraci\u00f3n. <\/p>\n<p>Durante el Social Media Day se realizar\u00e1n encuentros con el prop\u00f3sito de difundir y promover las pr\u00e1cticas del Social Media en distintos puntos, se brindar\u00e1 informaci\u00f3n y se relatar\u00e1n casos de \u00e9xito en el uso de las redes sociales por parte de empresas, agencias de publicidad, profesionales, organizaciones y otros que hayan elegido estas plataformas para entablar di\u00e1logo con su p\u00fablico y, por sobre todo, hayan optado por una estrategia de social media. <\/p>\n<p>Chile no se queda atr\u00e1s por lo que realizar\u00e1 una fiesta en el Barrio Bellavista en honor a dicho evento, la fecha ser\u00e1 celebrada con una fiesta gratuita en el Centro de Eventos Bellavista (en la regi\u00f3n metropolitana de Santiago de Chile), a la que se esperan m\u00e1s de mil personas. Seg\u00fan los organizadores, el encuentro ser\u00e1 interactivo y habr\u00e1 \u2018twittcamps\u2019 (herramienta de video del Twitter) para trasmisi\u00f3n del evento y para el evento.<\/p>\n<p>En Rio de Janeiro, Brasil, promover\u00e1n un encuentro entre los usuarios de \u2018medios sociales\u2019, en un lugar decidido colectivamente por los confirmen su presencia al evento, por la internet. Las redes sociales van a cambiar y evolucionar, pero no van a desparecer. Las redes sociales ya est\u00e1n instaladas en la sociedad y su uso es cada vez m\u00e1s masivo.<\/p>\n","protected":false},"excerpt":{"rendered":"<p>D\u00eda mundial de las redes sociales Hoy se celebra en todo el mundo el D\u00eda de las Redes Sociales, m\u00e1s de 93 pa\u00edses se han sumado a esta iniciativa, siendo Nueva York la sede central de la celebraci\u00f3n. Durante el Social Media Day se realizar\u00e1n encuentros con el prop\u00f3sito de difundir y promover las pr\u00e1cticas [&hellip;]<\/p>\n","protected":false},"author":6533,"featured_media":0,"comment_status":"open","ping_status":"open","sticky":false,"template":"","format":"standard","meta":{"footnotes":""},"categories":[1],"tags":[],"class_list":["post-17","post","type-post","status-publish","format-standard","hentry","category-uncategorized"],"_links":{"self":[{"href":"https:\/\/blog.espol.edu.ec\/javilla\/wp-json\/wp\/v2\/posts\/17","targetHints":{"allow":["GET"]}}],"collection":[{"href":"https:\/\/blog.espol.edu.ec\/javilla\/wp-json\/wp\/v2\/posts"}],"about":[{"href":"https:\/\/blog.espol.edu.ec\/javilla\/wp-json\/wp\/v2\/types\/post"}],"author":[{"embeddable":true,"href":"https:\/\/blog.espol.edu.ec\/javilla\/wp-json\/wp\/v2\/users\/6533"}],"replies":[{"embeddable":true,"href":"https:\/\/blog.espol.edu.ec\/javilla\/wp-json\/wp\/v2\/comments?post=17"}],"version-history":[{"count":3,"href":"https:\/\/blog.espol.edu.ec\/javilla\/wp-json\/wp\/v2\/posts\/17\/revisions"}],"predecessor-version":[{"id":21,"href":"https:\/\/blog.espol.edu.ec\/javilla\/wp-json\/wp\/v2\/posts\/17\/revisions\/21"}],"wp:attachment":[{"href":"https:\/\/blog.espol.edu.ec\/javilla\/wp-json\/wp\/v2\/media?parent=17"}],"wp:term":[{"taxonomy":"category","embeddable":true,"href":"https:\/\/blog.espol.edu.ec\/javilla\/wp-json\/wp\/v2\/categories?post=17"},{"taxonomy":"post_tag","embeddable":true,"href":"https:\/\/blog.espol.edu.ec\/javilla\/wp-json\/wp\/v2\/tags?post=17"}],"curies":[{"name":"wp","href":"https:\/\/api.w.org\/{rel}","templated":true}]}}