{"id":5,"date":"2009-06-29T22:53:05","date_gmt":"2009-06-30T02:53:05","guid":{"rendered":"http:\/\/blog.espol.edu.ec\/jcartage\/?p=5"},"modified":"2009-06-29T22:53:05","modified_gmt":"2009-06-30T02:53:05","slug":"manuel-pellegrini-dt-madrid-2009-2010","status":"publish","type":"post","link":"https:\/\/blog.espol.edu.ec\/jcartage\/2009\/06\/29\/manuel-pellegrini-dt-madrid-2009-2010\/","title":{"rendered":"Manuel Pellegrini DT MADRID 2009-2010"},"content":{"rendered":"<p>Arranca el Real Madrid de la temporada 2009-2010. Tras el nombramiento de Florentino P\u00e9rez como Presidente el pasado 1 de junio, la primera incorporaci\u00f3n de la plantilla del primer equipo para la pr\u00f3xima campa\u00f1a fue la de Manuel Pellegrini, que se har\u00e1 cargo del banquillo blanco durante las dos pr\u00f3ximas temporadas. En concordancia con Jorge Valdano, Director General y Adjunto a la Presidencia, y Miguel Pardeza, Director Deportivo, el t\u00e9cnico chileno conformar\u00e1 un equipo de garant\u00edas con el que el Real Madrid volver\u00e1 a luchar por todos los t\u00edtulos en juego.<\/p>\n","protected":false},"excerpt":{"rendered":"<p>Arranca el Real Madrid de la temporada 2009-2010. Tras el nombramiento de Florentino P\u00e9rez como Presidente el pasado 1 de junio, la primera incorporaci\u00f3n de la plantilla del primer equipo para la pr\u00f3xima campa\u00f1a fue la de Manuel Pellegrini, que se har\u00e1 cargo del banquillo blanco durante las dos pr\u00f3ximas temporadas. En concordancia con Jorge [&hellip;]<\/p>\n","protected":false},"author":1741,"featured_media":0,"comment_status":"open","ping_status":"open","sticky":false,"template":"","format":"standard","meta":{"footnotes":""},"categories":[1],"tags":[],"class_list":["post-5","post","type-post","status-publish","format-standard","hentry","category-uncategorized"],"_links":{"self":[{"href":"https:\/\/blog.espol.edu.ec\/jcartage\/wp-json\/wp\/v2\/posts\/5","targetHints":{"allow":["GET"]}}],"collection":[{"href":"https:\/\/blog.espol.edu.ec\/jcartage\/wp-json\/wp\/v2\/posts"}],"about":[{"href":"https:\/\/blog.espol.edu.ec\/jcartage\/wp-json\/wp\/v2\/types\/post"}],"author":[{"embeddable":true,"href":"https:\/\/blog.espol.edu.ec\/jcartage\/wp-json\/wp\/v2\/users\/1741"}],"replies":[{"embeddable":true,"href":"https:\/\/blog.espol.edu.ec\/jcartage\/wp-json\/wp\/v2\/comments?post=5"}],"version-history":[{"count":2,"href":"https:\/\/blog.espol.edu.ec\/jcartage\/wp-json\/wp\/v2\/posts\/5\/revisions"}],"predecessor-version":[{"id":7,"href":"https:\/\/blog.espol.edu.ec\/jcartage\/wp-json\/wp\/v2\/posts\/5\/revisions\/7"}],"wp:attachment":[{"href":"https:\/\/blog.espol.edu.ec\/jcartage\/wp-json\/wp\/v2\/media?parent=5"}],"wp:term":[{"taxonomy":"category","embeddable":true,"href":"https:\/\/blog.espol.edu.ec\/jcartage\/wp-json\/wp\/v2\/categories?post=5"},{"taxonomy":"post_tag","embeddable":true,"href":"https:\/\/blog.espol.edu.ec\/jcartage\/wp-json\/wp\/v2\/tags?post=5"}],"curies":[{"name":"wp","href":"https:\/\/api.w.org\/{rel}","templated":true}]}}