{"id":8,"date":"2009-06-29T23:39:15","date_gmt":"2009-06-30T03:39:15","guid":{"rendered":"http:\/\/blog.espol.edu.ec\/jcartage\/?p=8"},"modified":"2009-06-29T23:39:15","modified_gmt":"2009-06-30T03:39:15","slug":"la-presentacion-de-kaka-hoy-levanta-pasiones","status":"publish","type":"post","link":"https:\/\/blog.espol.edu.ec\/jcartage\/2009\/06\/29\/la-presentacion-de-kaka-hoy-levanta-pasiones\/","title":{"rendered":"La presentaci\u00f3n de Kak\u00e1 hoy levanta pasiones"},"content":{"rendered":"<p>La presentaci\u00f3n del brasile\u00f1o Kak\u00e1 como jugador del Real Madrid, que tendr\u00e1 lugar hoy, congregar\u00e1 a unos 350 representantes de los medios informativos de todo el mundo, casi igualando las presentaciones vividas anteriormente con su compatriota Ronaldo o con Beckham.<\/p>\n<p>Kak\u00e1, primer fichaje de la segunda etapa presidencial de Florentino P\u00e9rez en el Real Madrid, ser\u00e1 presentado en el estadio Santiago Bernabeu a las 20.30 horas.<\/p>\n<p>A pesar de la numerosa presencia de enviados de los medios de comunicaci\u00f3n, el r\u00e9cord en este aspecto sigue en poder de Beckham, cuando m\u00e1s de medio millar de enviados asistieron a su estreno madridista en 2003.<\/p>\n<p>Se espera, asimismo, una elevada presencia de aficionados en las gradas del Santiago Bernabeu, cuyas puertas quedar\u00e1n abiertas desde minutos antes para permitir una amplia afluencia de p\u00fablico.<\/p>\n<p>Kak\u00e1 llega a este acto con un nuevo t\u00edtulo en su palmar\u00e9s, el de la Copa Confederaciones lograda el domingo por su selecci\u00f3n, Brasil, ante Estados Unidos, y adem\u00e1s con el honor de haber sido elegido mejor jugador de la competici\u00f3n.<\/p>\n","protected":false},"excerpt":{"rendered":"<p>La presentaci\u00f3n del brasile\u00f1o Kak\u00e1 como jugador del Real Madrid, que tendr\u00e1 lugar hoy, congregar\u00e1 a unos 350 representantes de los medios informativos de todo el mundo, casi igualando las presentaciones vividas anteriormente con su compatriota Ronaldo o con Beckham. Kak\u00e1, primer fichaje de la segunda etapa presidencial de Florentino P\u00e9rez en el Real Madrid, [&hellip;]<\/p>\n","protected":false},"author":1741,"featured_media":0,"comment_status":"open","ping_status":"open","sticky":false,"template":"","format":"standard","meta":{"footnotes":""},"categories":[1],"tags":[],"class_list":["post-8","post","type-post","status-publish","format-standard","hentry","category-uncategorized"],"_links":{"self":[{"href":"https:\/\/blog.espol.edu.ec\/jcartage\/wp-json\/wp\/v2\/posts\/8","targetHints":{"allow":["GET"]}}],"collection":[{"href":"https:\/\/blog.espol.edu.ec\/jcartage\/wp-json\/wp\/v2\/posts"}],"about":[{"href":"https:\/\/blog.espol.edu.ec\/jcartage\/wp-json\/wp\/v2\/types\/post"}],"author":[{"embeddable":true,"href":"https:\/\/blog.espol.edu.ec\/jcartage\/wp-json\/wp\/v2\/users\/1741"}],"replies":[{"embeddable":true,"href":"https:\/\/blog.espol.edu.ec\/jcartage\/wp-json\/wp\/v2\/comments?post=8"}],"version-history":[{"count":2,"href":"https:\/\/blog.espol.edu.ec\/jcartage\/wp-json\/wp\/v2\/posts\/8\/revisions"}],"predecessor-version":[{"id":10,"href":"https:\/\/blog.espol.edu.ec\/jcartage\/wp-json\/wp\/v2\/posts\/8\/revisions\/10"}],"wp:attachment":[{"href":"https:\/\/blog.espol.edu.ec\/jcartage\/wp-json\/wp\/v2\/media?parent=8"}],"wp:term":[{"taxonomy":"category","embeddable":true,"href":"https:\/\/blog.espol.edu.ec\/jcartage\/wp-json\/wp\/v2\/categories?post=8"},{"taxonomy":"post_tag","embeddable":true,"href":"https:\/\/blog.espol.edu.ec\/jcartage\/wp-json\/wp\/v2\/tags?post=8"}],"curies":[{"name":"wp","href":"https:\/\/api.w.org\/{rel}","templated":true}]}}