{"id":1095,"date":"2010-01-31T13:36:43","date_gmt":"2010-01-31T18:36:43","guid":{"rendered":"http:\/\/blog.espol.edu.ec\/jeanma111\/?p=1095"},"modified":"2010-01-31T13:45:01","modified_gmt":"2010-01-31T18:45:01","slug":"selena-gomez-confirma-nelena","status":"publish","type":"post","link":"https:\/\/blog.espol.edu.ec\/jeanma111\/2010\/01\/31\/selena-gomez-confirma-nelena\/","title":{"rendered":"Selena Gomez CONFIRMA NELENA?"},"content":{"rendered":"<p style=\"text-align: justify\"><strong>Selena Gomez<\/strong> fue entrevistada en el programa de radio de\u00a0<strong>Ryan Seacrest<\/strong> el d\u00eda Jueves, 28 de enero y algunos medios est\u00e1n diciendo que ella practicamente\u00a0<strong>admiti\u00f3 su relaci\u00f3n con Nick Jonas<\/strong>.<\/p>\n<p style=\"text-align: justify\">A Selena se le pregunt\u00f3 si estuvo saliendo con Nick Jonas y Taylor Lautner y ella no respondi\u00f3 a cualquiera de las preguntas... Esto es lo que sucedi\u00f3 m\u00e1s o menos (Con respecto a Nick Jonas):<\/p>\n<ul><strong>Ryan: As\u00ed que todo el mundo quiere saber, \u00bfEs cierto que te reconciliaste con Nick?<br \/>\nSelena: No te agrado, verdad?<br \/>\nRyan: S\u00ed, me agradas...<br \/>\nSelena: Entonces, si te agrado no me hagas responder esa pregunta.<\/strong><\/ul>\n<p style=\"text-align: justify\">\u00bfCrees que eso significa \"algo\"?<\/p>\n<p style=\"text-align: justify\">Sobre Lautner no tuvo otras palabras que las de calificarlo varias veces como<strong>\"impresionante\"<\/strong> y\u00a0<strong>\"sorprendente\"<\/strong>.<\/p>\n<p style=\"text-align: justify\">Tambi\u00e9n se\u00a0<strong>brome\u00f3 de la filosof\u00eda de ella y Swift sobre compartir chicos<\/strong>, diciendo: \"Yo atravesaba por una ruptura dif\u00edcil y ella fue esa noche a mi casa con dos bolsas enormes de comida chatarra. Me dijo que as\u00ed no importaba que nos rompieran el coraz\u00f3n\".<\/p>\n<p><strong>\u00a1Echa un vistazo a la entrevista!<\/strong><\/p>\n<p style=\"text-align: center\"><object width=\"425\" height=\"344\" data=\"http:\/\/www.youtube.com\/v\/YoKl947wJhE&amp;hl=es_ES&amp;fs=1&amp;color1=0x2b405b&amp;color2=0x6b8ab6\" type=\"application\/x-shockwave-flash\"><param name=\"allowFullScreen\" value=\"true\" \/><param name=\"allowscriptaccess\" value=\"always\" \/><param name=\"src\" value=\"http:\/\/www.youtube.com\/v\/YoKl947wJhE&amp;hl=es_ES&amp;fs=1&amp;color1=0x2b405b&amp;color2=0x6b8ab6\" \/><param name=\"allowfullscreen\" value=\"true\" \/><\/object><\/p>\n","protected":false},"excerpt":{"rendered":"<p>Selena Gomez fue entrevistada en el programa de radio de\u00a0Ryan Seacrest el d\u00eda Jueves, 28 de enero y algunos medios est\u00e1n diciendo que ella practicamente\u00a0admiti\u00f3 su relaci\u00f3n con Nick Jonas. A Selena se le pregunt\u00f3 si estuvo saliendo con Nick Jonas y Taylor Lautner y ella no respondi\u00f3 a cualquiera de las preguntas... Esto es [&hellip;]<\/p>\n","protected":false},"author":3346,"featured_media":0,"comment_status":"open","ping_status":"open","sticky":false,"template":"","format":"standard","meta":{"footnotes":""},"categories":[12468],"tags":[],"class_list":["post-1095","post","type-post","status-publish","format-standard","hentry","category-selena-gomez"],"_links":{"self":[{"href":"https:\/\/blog.espol.edu.ec\/jeanma111\/wp-json\/wp\/v2\/posts\/1095","targetHints":{"allow":["GET"]}}],"collection":[{"href":"https:\/\/blog.espol.edu.ec\/jeanma111\/wp-json\/wp\/v2\/posts"}],"about":[{"href":"https:\/\/blog.espol.edu.ec\/jeanma111\/wp-json\/wp\/v2\/types\/post"}],"author":[{"embeddable":true,"href":"https:\/\/blog.espol.edu.ec\/jeanma111\/wp-json\/wp\/v2\/users\/3346"}],"replies":[{"embeddable":true,"href":"https:\/\/blog.espol.edu.ec\/jeanma111\/wp-json\/wp\/v2\/comments?post=1095"}],"version-history":[{"count":4,"href":"https:\/\/blog.espol.edu.ec\/jeanma111\/wp-json\/wp\/v2\/posts\/1095\/revisions"}],"predecessor-version":[{"id":1102,"href":"https:\/\/blog.espol.edu.ec\/jeanma111\/wp-json\/wp\/v2\/posts\/1095\/revisions\/1102"}],"wp:attachment":[{"href":"https:\/\/blog.espol.edu.ec\/jeanma111\/wp-json\/wp\/v2\/media?parent=1095"}],"wp:term":[{"taxonomy":"category","embeddable":true,"href":"https:\/\/blog.espol.edu.ec\/jeanma111\/wp-json\/wp\/v2\/categories?post=1095"},{"taxonomy":"post_tag","embeddable":true,"href":"https:\/\/blog.espol.edu.ec\/jeanma111\/wp-json\/wp\/v2\/tags?post=1095"}],"curies":[{"name":"wp","href":"https:\/\/api.w.org\/{rel}","templated":true}]}}