{"id":2764,"date":"2014-03-19T12:18:27","date_gmt":"2014-03-19T17:18:27","guid":{"rendered":"http:\/\/blog.espol.edu.ec\/jeanma111\/?p=2764"},"modified":"2014-03-21T12:13:18","modified_gmt":"2014-03-21T17:13:18","slug":"was-selena-gomez-impregnated-with-twins-by-justin-bieber","status":"publish","type":"post","link":"https:\/\/blog.espol.edu.ec\/jeanma111\/2014\/03\/19\/was-selena-gomez-impregnated-with-twins-by-justin-bieber\/","title":{"rendered":"Selena Gomez embarazada de Justin Bierber?"},"content":{"rendered":"<p style=\"text-align: center\"><a href=\"http:\/\/blog.espol.edu.ec\/jeanma111\/files\/2014\/03\/sel.png\" target=\"_blank\"><img loading=\"lazy\" decoding=\"async\" class=\"size-medium wp-image-2766 aligncenter\" alt=\"sel\" src=\"http:\/\/blog.espol.edu.ec\/jeanma111\/files\/2014\/03\/sel-208x300.png\" width=\"208\" height=\"300\" srcset=\"https:\/\/blog.espol.edu.ec\/jeanma111\/files\/2014\/03\/sel-208x300.png 208w, https:\/\/blog.espol.edu.ec\/jeanma111\/files\/2014\/03\/sel.png 606w\" sizes=\"auto, (max-width: 208px) 100vw, 208px\" \/><\/a><\/p>\n<p style=\"text-align: center\"><a href=\"http:\/\/blog.espol.edu.ec\/jeanma111\/files\/2014\/03\/selena-pregnant.jpg\" target=\"_blank\"><img loading=\"lazy\" decoding=\"async\" class=\"size-medium wp-image-2765 aligncenter\" alt=\"selena-pregnant\" src=\"http:\/\/blog.espol.edu.ec\/jeanma111\/files\/2014\/03\/selena-pregnant-300x230.jpg\" width=\"300\" height=\"230\" srcset=\"https:\/\/blog.espol.edu.ec\/jeanma111\/files\/2014\/03\/selena-pregnant-300x230.jpg 300w, https:\/\/blog.espol.edu.ec\/jeanma111\/files\/2014\/03\/selena-pregnant.jpg 500w\" sizes=\"auto, (max-width: 300px) 100vw, 300px\" \/><\/a><\/p>\n<p style=\"text-align: center\"><span style=\"color: #999999\">Estar\u00e1 Selena Gomez embarazada de Gemelos por Justin Bieber?<\/span><\/p>\n<p style=\"text-align: center\"><span style=\"color: #999999\">De acuerdo con los fans de Jelena, Selena Gomez quedo embarazada despu\u00e9s de la supuesta ecograf\u00eda falsa. Selena recientemente se sometio a unos ex\u00e1menes de prueba para problemas de presi\u00f3n arterial cuando sent\u00eda dolores de cabeza y mareos, donde luego fue al medico y se entero que estaba embarazada, los publicista de Gomez y de Bieber niegan el embarazo, pero fuentes cercanas confirman que Selena esta embarazada de dos encantadores gemelos!<\/span><\/p>\n","protected":false},"excerpt":{"rendered":"<p>Estar\u00e1 Selena Gomez embarazada de Gemelos por Justin Bieber? De acuerdo con los fans de Jelena, Selena Gomez quedo embarazada despu\u00e9s de la supuesta ecograf\u00eda falsa. Selena recientemente se sometio a unos ex\u00e1menes de prueba para problemas de presi\u00f3n arterial cuando sent\u00eda dolores de cabeza y mareos, donde luego fue al medico y se entero [&hellip;]<\/p>\n","protected":false},"author":3346,"featured_media":0,"comment_status":"open","ping_status":"closed","sticky":false,"template":"","format":"standard","meta":{"footnotes":""},"categories":[13721,12468],"tags":[],"class_list":["post-2764","post","type-post","status-publish","format-standard","hentry","category-justin-bieber","category-selena-gomez"],"_links":{"self":[{"href":"https:\/\/blog.espol.edu.ec\/jeanma111\/wp-json\/wp\/v2\/posts\/2764","targetHints":{"allow":["GET"]}}],"collection":[{"href":"https:\/\/blog.espol.edu.ec\/jeanma111\/wp-json\/wp\/v2\/posts"}],"about":[{"href":"https:\/\/blog.espol.edu.ec\/jeanma111\/wp-json\/wp\/v2\/types\/post"}],"author":[{"embeddable":true,"href":"https:\/\/blog.espol.edu.ec\/jeanma111\/wp-json\/wp\/v2\/users\/3346"}],"replies":[{"embeddable":true,"href":"https:\/\/blog.espol.edu.ec\/jeanma111\/wp-json\/wp\/v2\/comments?post=2764"}],"version-history":[{"count":6,"href":"https:\/\/blog.espol.edu.ec\/jeanma111\/wp-json\/wp\/v2\/posts\/2764\/revisions"}],"predecessor-version":[{"id":2844,"href":"https:\/\/blog.espol.edu.ec\/jeanma111\/wp-json\/wp\/v2\/posts\/2764\/revisions\/2844"}],"wp:attachment":[{"href":"https:\/\/blog.espol.edu.ec\/jeanma111\/wp-json\/wp\/v2\/media?parent=2764"}],"wp:term":[{"taxonomy":"category","embeddable":true,"href":"https:\/\/blog.espol.edu.ec\/jeanma111\/wp-json\/wp\/v2\/categories?post=2764"},{"taxonomy":"post_tag","embeddable":true,"href":"https:\/\/blog.espol.edu.ec\/jeanma111\/wp-json\/wp\/v2\/tags?post=2764"}],"curies":[{"name":"wp","href":"https:\/\/api.w.org\/{rel}","templated":true}]}}