{"id":496,"date":"2009-12-29T21:00:10","date_gmt":"2009-12-30T02:00:10","guid":{"rendered":"http:\/\/blog.espol.edu.ec\/jeanma111\/?p=496"},"modified":"2009-12-29T21:14:27","modified_gmt":"2009-12-30T02:14:27","slug":"camp-rock-2-the-final-jam-promo","status":"publish","type":"post","link":"https:\/\/blog.espol.edu.ec\/jeanma111\/2009\/12\/29\/camp-rock-2-the-final-jam-promo\/","title":{"rendered":"Camp Rock 2 - THE FINAL JAM -PROMO"},"content":{"rendered":"<div><\/div>\n<div><span style=\"font-size: small;color: #000080\"><\/span><\/div>\n<p><span style=\"font-size: small;color: #000080\"><span style=\"font-size: small;color: #000080\"><\/p>\n<p class=\"MsoNormal\" style=\"text-align: justify\"><span style=\"font-size: 12pt;color: navy;font-family: &quot;High Tower Text&quot;,&quot;serif&amp;quot\">D<span style=\"color: #3366ff\"><span style=\"color: #3366ff\">isne<\/span>y Channel ha presentado un primer avance de la esperada secuela \u201cCamp Rock 2: The Final Jam\u201d, que estelarizan los populares Jonas Brothers, Nick, Joe y Kevin, junto a Demi Lovato.<\/span><\/span><\/p>\n<p class=\"MsoNormal\" style=\"text-align: justify\"><span style=\"font-size: 12pt;font-family: &quot;High Tower Text&quot;,&quot;serif&amp;quot\"><span style=\"color: #3366ff\">El avance en s\u00ed no muestra ninguna escena de filme en cuesti\u00f3n y m\u00e1s bien se basa en en detalles del mismo tales como la fecha de estreno y la trama.<\/span><\/span><\/p>\n<p class=\"MsoNormal\" style=\"text-align: justify\"><span style=\"color: #3366ff\"><span style=\"font-size: 12pt;font-family: &quot;High Tower Text&quot;,&quot;serif&amp;quot\">\u00a0<\/span><span style=\"font-size: 12pt;font-family: &quot;High Tower Text&quot;,&quot;serif&amp;quot\">\u201cCamp Rock 2<\/span><span style=\"font-size: 12pt;font-family: &quot;Century Gothic&quot;,&quot;sans-serif&amp;quot\">\u2033<\/span><span style=\"font-size: 12pt;font-family: &quot;High Tower Text&quot;,&quot;serif&amp;quot\"> se estrenar\u00e1 en el Verano 2010.<\/span><\/span><\/p>\n<p>\u00a0<\/p>\n<p><\/span><\/span><\/p>\n<p class=\"MsoNormal\" style=\"text-align: justify\"><span style=\"font-size: 11.5pt;font-family: &quot;High Tower Text&quot;,&quot;serif&amp;quot\"><span style=\"color: #3366ff\">De acuerdo a la sinopsis de la trama, la secuela presenta a Mitchie, Shane y los dem\u00e1s descubrir que algunos estudiantes e instructores han dejado el campo por otro rival. Adem\u00e1s se trata sobre una historia de amor tipo \u201cRomeo y Julieta\u201d donde el personaje interpretado por Nick Jonas, Nate, se enamora de la hija del due\u00f1o del campo Camp Star.<\/span><\/span><\/p>\n<p style=\"text-align: center\"><object width=\"425\" height=\"344\" data=\"http:\/\/www.youtube.com\/v\/1qi-WaTZGFg&amp;hl=es_ES&amp;fs=1&amp;rel=0&amp;color1=0x234900&amp;color2=0x4e9e00\" type=\"application\/x-shockwave-flash\"><param name=\"allowFullScreen\" value=\"true\" \/><param name=\"allowscriptaccess\" value=\"always\" \/><param name=\"src\" value=\"http:\/\/www.youtube.com\/v\/1qi-WaTZGFg&amp;hl=es_ES&amp;fs=1&amp;rel=0&amp;color1=0x234900&amp;color2=0x4e9e00\" \/><param name=\"allowfullscreen\" value=\"true\" \/><\/object><\/p>\n","protected":false},"excerpt":{"rendered":"<p>Disney Channel ha presentado un primer avance de la esperada secuela \u201cCamp Rock 2: The Final Jam\u201d, que estelarizan los populares Jonas Brothers, Nick, Joe y Kevin, junto a Demi Lovato. El avance en s\u00ed no muestra ninguna escena de filme en cuesti\u00f3n y m\u00e1s bien se basa en en detalles del mismo tales como [&hellip;]<\/p>\n","protected":false},"author":3346,"featured_media":0,"comment_status":"open","ping_status":"open","sticky":false,"template":"","format":"standard","meta":{"footnotes":""},"categories":[187],"tags":[],"class_list":["post-496","post","type-post","status-publish","format-standard","hentry","category-nothing"],"_links":{"self":[{"href":"https:\/\/blog.espol.edu.ec\/jeanma111\/wp-json\/wp\/v2\/posts\/496","targetHints":{"allow":["GET"]}}],"collection":[{"href":"https:\/\/blog.espol.edu.ec\/jeanma111\/wp-json\/wp\/v2\/posts"}],"about":[{"href":"https:\/\/blog.espol.edu.ec\/jeanma111\/wp-json\/wp\/v2\/types\/post"}],"author":[{"embeddable":true,"href":"https:\/\/blog.espol.edu.ec\/jeanma111\/wp-json\/wp\/v2\/users\/3346"}],"replies":[{"embeddable":true,"href":"https:\/\/blog.espol.edu.ec\/jeanma111\/wp-json\/wp\/v2\/comments?post=496"}],"version-history":[{"count":8,"href":"https:\/\/blog.espol.edu.ec\/jeanma111\/wp-json\/wp\/v2\/posts\/496\/revisions"}],"predecessor-version":[{"id":499,"href":"https:\/\/blog.espol.edu.ec\/jeanma111\/wp-json\/wp\/v2\/posts\/496\/revisions\/499"}],"wp:attachment":[{"href":"https:\/\/blog.espol.edu.ec\/jeanma111\/wp-json\/wp\/v2\/media?parent=496"}],"wp:term":[{"taxonomy":"category","embeddable":true,"href":"https:\/\/blog.espol.edu.ec\/jeanma111\/wp-json\/wp\/v2\/categories?post=496"},{"taxonomy":"post_tag","embeddable":true,"href":"https:\/\/blog.espol.edu.ec\/jeanma111\/wp-json\/wp\/v2\/tags?post=496"}],"curies":[{"name":"wp","href":"https:\/\/api.w.org\/{rel}","templated":true}]}}