{"id":937,"date":"2010-01-24T22:29:09","date_gmt":"2010-01-25T03:29:09","guid":{"rendered":"http:\/\/blog.espol.edu.ec\/jeanma111\/?p=937"},"modified":"2010-01-24T22:29:09","modified_gmt":"2010-01-25T03:29:09","slug":"justin-bieber-causa-sensacion-en-londres","status":"publish","type":"post","link":"https:\/\/blog.espol.edu.ec\/jeanma111\/2010\/01\/24\/justin-bieber-causa-sensacion-en-londres\/","title":{"rendered":"Justin Bieber causa SENSACI\u00d3N en Londres"},"content":{"rendered":"<p style=\"text-align: center\"><img loading=\"lazy\" decoding=\"async\" class=\"aligncenter size-full wp-image-938\" src=\"http:\/\/blog.espol.edu.ec\/jeanma111\/files\/2010\/01\/justin-bieber-011810-8.jpg\" alt=\"justin bieber 180110\" width=\"450\" height=\"720\" srcset=\"https:\/\/blog.espol.edu.ec\/jeanma111\/files\/2010\/01\/justin-bieber-011810-8.jpg 500w, https:\/\/blog.espol.edu.ec\/jeanma111\/files\/2010\/01\/justin-bieber-011810-8-187x300.jpg 187w\" sizes=\"auto, (max-width: 450px) 100vw, 450px\" \/><\/p>\n<p style=\"text-align: justify\">Continuando con sus trabajos de promoci\u00f3n en Europa,\u00a0<strong>Justin Bieber<\/strong> estuvo totalmente ocupado saludando a sus fans en el centro comercial\u00a0<strong>Westfield<\/strong> en Londres el lunes (18 de enero).<\/p>\n<p style=\"text-align: justify\">All\u00ed firm\u00f3 copias de su nuevo \u00e1lbum\u00a0<strong>\"My World\"<\/strong> en\u00a0<strong>HMV<\/strong>, pero el chico canadiense necesit\u00f3 un equipado personal de seguridad para caminar a trav\u00e9s de la multitud en su mayor\u00eda mujeres, m\u00e1s conocidas como Bieb\u00e9ticas. Sus bieb\u00e9ticas han puesto\u00a0<strong>su disco en la posici\u00f3n N\u00ba 1 en iTunes UK<\/strong>; y \u00e9l lo ha expresado emocionado a trav\u00e9s de su twitter.<\/p>\n<p style=\"text-align: center\"><img loading=\"lazy\" decoding=\"async\" class=\"aligncenter size-full wp-image-939\" src=\"http:\/\/blog.espol.edu.ec\/jeanma111\/files\/2010\/01\/justin-bieber-011810-1.jpg\" alt=\"justin bieber 180110\" width=\"450\" height=\"720\" srcset=\"https:\/\/blog.espol.edu.ec\/jeanma111\/files\/2010\/01\/justin-bieber-011810-1.jpg 500w, https:\/\/blog.espol.edu.ec\/jeanma111\/files\/2010\/01\/justin-bieber-011810-1-187x300.jpg 187w\" sizes=\"auto, (max-width: 450px) 100vw, 450px\" \/><\/p>\n<p style=\"text-align: justify\">Mientras tanto, el cantante de 15 a\u00f1os de edad, volver\u00e1 a los Estados a finales de este mes - siendo uno de los nombres recientemente agregados como uno de los presentadores de los premios Grammy donde se unir\u00e1 a sus nuevos amigos, Miley Cyrus y los Jonas Brothers.<\/p>\n<p style=\"text-align: justify\">Ya sali\u00f3 la versi\u00f3n estudio de su nueva canci\u00f3n\u00a0<strong>Baby<\/strong> en sociedad con\u00a0Christopher Brian Bridges, tambi\u00e9n conocido como Chris Lova Lova o m\u00e1s popularmente como Ludacris, es un rapero y actor estadounidense de 33 a\u00f1os de edad.<\/p>\n<p style=\"text-align: justify\">La puedes escuchar (con la traducci\u00f3n al espa\u00f1ol)<\/p>\n<p style=\"text-align: center\"><object width=\"425\" height=\"344\" data=\"http:\/\/www.youtube.com\/v\/fT7HHzHVjU0&amp;color1=0xb1b1b1&amp;color2=0xcfcfcf&amp;hl=es_ES&amp;feature=player_embedded&amp;fs=1\" type=\"application\/x-shockwave-flash\"><param name=\"allowFullScreen\" value=\"true\" \/><param name=\"allowScriptAccess\" value=\"always\" \/><param name=\"src\" value=\"http:\/\/www.youtube.com\/v\/fT7HHzHVjU0&amp;color1=0xb1b1b1&amp;color2=0xcfcfcf&amp;hl=es_ES&amp;feature=player_embedded&amp;fs=1\" \/><param name=\"allowfullscreen\" value=\"true\" \/><\/object><\/p>\n<p style=\"text-align: center\"><img loading=\"lazy\" decoding=\"async\" class=\"aligncenter size-full wp-image-941\" src=\"http:\/\/blog.espol.edu.ec\/jeanma111\/files\/2010\/01\/justin-bieber-011810-91.jpg\" alt=\"justin-bieber-011810-91\" width=\"477\" height=\"662\" srcset=\"https:\/\/blog.espol.edu.ec\/jeanma111\/files\/2010\/01\/justin-bieber-011810-91.jpg 530w, https:\/\/blog.espol.edu.ec\/jeanma111\/files\/2010\/01\/justin-bieber-011810-91-216x300.jpg 216w\" sizes=\"auto, (max-width: 477px) 100vw, 477px\" \/><\/p>\n","protected":false},"excerpt":{"rendered":"<p>Continuando con sus trabajos de promoci\u00f3n en Europa,\u00a0Justin Bieber estuvo totalmente ocupado saludando a sus fans en el centro comercial\u00a0Westfield en Londres el lunes (18 de enero). All\u00ed firm\u00f3 copias de su nuevo \u00e1lbum\u00a0\"My World\" en\u00a0HMV, pero el chico canadiense necesit\u00f3 un equipado personal de seguridad para caminar a trav\u00e9s de la multitud en su [&hellip;]<\/p>\n","protected":false},"author":3346,"featured_media":0,"comment_status":"open","ping_status":"open","sticky":false,"template":"","format":"standard","meta":{"footnotes":""},"categories":[13721,2285],"tags":[],"class_list":["post-937","post","type-post","status-publish","format-standard","hentry","category-justin-bieber","category-music"],"_links":{"self":[{"href":"https:\/\/blog.espol.edu.ec\/jeanma111\/wp-json\/wp\/v2\/posts\/937","targetHints":{"allow":["GET"]}}],"collection":[{"href":"https:\/\/blog.espol.edu.ec\/jeanma111\/wp-json\/wp\/v2\/posts"}],"about":[{"href":"https:\/\/blog.espol.edu.ec\/jeanma111\/wp-json\/wp\/v2\/types\/post"}],"author":[{"embeddable":true,"href":"https:\/\/blog.espol.edu.ec\/jeanma111\/wp-json\/wp\/v2\/users\/3346"}],"replies":[{"embeddable":true,"href":"https:\/\/blog.espol.edu.ec\/jeanma111\/wp-json\/wp\/v2\/comments?post=937"}],"version-history":[{"count":2,"href":"https:\/\/blog.espol.edu.ec\/jeanma111\/wp-json\/wp\/v2\/posts\/937\/revisions"}],"predecessor-version":[{"id":943,"href":"https:\/\/blog.espol.edu.ec\/jeanma111\/wp-json\/wp\/v2\/posts\/937\/revisions\/943"}],"wp:attachment":[{"href":"https:\/\/blog.espol.edu.ec\/jeanma111\/wp-json\/wp\/v2\/media?parent=937"}],"wp:term":[{"taxonomy":"category","embeddable":true,"href":"https:\/\/blog.espol.edu.ec\/jeanma111\/wp-json\/wp\/v2\/categories?post=937"},{"taxonomy":"post_tag","embeddable":true,"href":"https:\/\/blog.espol.edu.ec\/jeanma111\/wp-json\/wp\/v2\/tags?post=937"}],"curies":[{"name":"wp","href":"https:\/\/api.w.org\/{rel}","templated":true}]}}