{"id":14,"date":"2016-06-02T06:22:31","date_gmt":"2016-06-02T11:22:31","guid":{"rendered":"http:\/\/blog.espol.edu.ec\/jefefigu\/?p=14"},"modified":"2016-06-02T14:50:02","modified_gmt":"2016-06-02T19:50:02","slug":"fear-the-walking-dead","status":"publish","type":"post","link":"https:\/\/blog.espol.edu.ec\/jefefigu\/2016\/06\/02\/fear-the-walking-dead\/","title":{"rendered":"Fear The Walking Dead!!"},"content":{"rendered":"<p><img loading=\"lazy\" decoding=\"async\" class=\"alignnone size-medium wp-image-15\" src=\"http:\/\/blog.espol.edu.ec\/jefefigu\/files\/2016\/06\/fear-the-walking-dead-300x182.gif\" alt=\"fear-the-walking-dead\" width=\"300\" height=\"182\" \/><\/p>\n<p>El spinoff de The Walking Dead que termin\u00f3 su primera temporada el domingo pasado en la cadena de televisi\u00f3n AMC, tambi\u00e9n orgullosos creadores de joyas como Breaking Bad o Mad Men, se ha convertido en la acreedora de m\u00e1s de un r\u00e9cord este a\u00f1o. Primero, el <a href=\"http:\/\/hipertextual.com\/2015\/08\/fear-the-walking-dead-piloto\">episodio piloto<\/a> de 90 minutos de duraci\u00f3n fue <strong>el estreno m\u00e1s visto en la historia del cable<\/strong> en el pa\u00eds norteamericano con 10.1 millones de televidentes mirando en vivo.<\/p>\n<p>A pesar de que con cada episodio <a title=\"Abre en una nueva ventana\" href=\"http:\/\/www.imdb.com\/title\/tt3743822\/\" target=\"_blank\">Fear The Walking Dead<\/a> perdi\u00f3 varios millones de los que amas\u00f3 en su estreno, la serie lleg\u00f3 a <strong>promediar durante toda su temporada de seis episodios, 11.2 millones de espectadores<\/strong> principalmente entre la demogr\u00e1fica de adultos j\u00f3venes, convirti\u00e9ndose de esta manera en <strong><a title=\"Abre en una nueva ventana\" href=\"http:\/\/variety.com\/2015\/tv\/news\/ratings-fear-the-walking-dead-cable-record-1201610178\/\" target=\"_blank\">la primera temporada de una serie de televisi\u00f3n con m\u00e1s audiencia en la historia de la TV por cable en los Estados Unidos<\/a><\/strong>. Una haza\u00f1a nada peque\u00f1a si tomamos en cuenta que AMC sol\u00eda ser hasta hace poco un canal \"peque\u00f1o\" de cable con presupuestos limitados que no pueden ni compararse con gigantes como HBO, por ejemplo.<\/p>\n<p>Fear The Walking Dead tuvo una primera temporada con altos y bajos, pero si eres fan\u00e1tico del universo de Robert Kirkman, es un imperdible. En Hipertextual la <strong><a href=\"http:\/\/hipertextual.com\/tag\/fear-the-walking-dead\">rese\u00f1amos cap\u00edtulo a cap\u00edtulo<\/a><\/strong>, y aunque no nos parece la mejor serie del mundo por ahora, tiene buenos momentos y vale la pena mirarla.<\/p>\n<div class=\"embed-container\"><iframe loading=\"lazy\" width=\"750\" height=\"422\" src=\"https:\/\/www.youtube.com\/embed\/yzXglr5bc3w?feature=oembed\" frameborder=\"0\" allow=\"autoplay; encrypted-media\" allowfullscreen><\/iframe><\/div>\n","protected":false},"excerpt":{"rendered":"<p>El spinoff de The Walking Dead que termin\u00f3 su primera temporada el domingo pasado en la cadena de televisi\u00f3n AMC, tambi\u00e9n orgullosos creadores de joyas como Breaking Bad o Mad Men, se ha convertido en la acreedora de m\u00e1s de un r\u00e9cord este a\u00f1o. Primero, el episodio piloto de 90 minutos de duraci\u00f3n fue el &hellip; <\/p>\n<p><a class=\"more-link btn\" href=\"https:\/\/blog.espol.edu.ec\/jefefigu\/2016\/06\/02\/fear-the-walking-dead\/\">Seguir leyendo<\/a><\/p>\n","protected":false},"author":10389,"featured_media":51,"comment_status":"open","ping_status":"open","sticky":false,"template":"","format":"standard","meta":{"footnotes":""},"categories":[40900],"tags":[1362953,1362934,37548],"class_list":["post-14","post","type-post","status-publish","format-standard","has-post-thumbnail","hentry","category-zombies","tag-ftwd","tag-twd","tag-zombie","item-wrap"],"_links":{"self":[{"href":"https:\/\/blog.espol.edu.ec\/jefefigu\/wp-json\/wp\/v2\/posts\/14","targetHints":{"allow":["GET"]}}],"collection":[{"href":"https:\/\/blog.espol.edu.ec\/jefefigu\/wp-json\/wp\/v2\/posts"}],"about":[{"href":"https:\/\/blog.espol.edu.ec\/jefefigu\/wp-json\/wp\/v2\/types\/post"}],"author":[{"embeddable":true,"href":"https:\/\/blog.espol.edu.ec\/jefefigu\/wp-json\/wp\/v2\/users\/10389"}],"replies":[{"embeddable":true,"href":"https:\/\/blog.espol.edu.ec\/jefefigu\/wp-json\/wp\/v2\/comments?post=14"}],"version-history":[{"count":1,"href":"https:\/\/blog.espol.edu.ec\/jefefigu\/wp-json\/wp\/v2\/posts\/14\/revisions"}],"predecessor-version":[{"id":16,"href":"https:\/\/blog.espol.edu.ec\/jefefigu\/wp-json\/wp\/v2\/posts\/14\/revisions\/16"}],"wp:featuredmedia":[{"embeddable":true,"href":"https:\/\/blog.espol.edu.ec\/jefefigu\/wp-json\/wp\/v2\/media\/51"}],"wp:attachment":[{"href":"https:\/\/blog.espol.edu.ec\/jefefigu\/wp-json\/wp\/v2\/media?parent=14"}],"wp:term":[{"taxonomy":"category","embeddable":true,"href":"https:\/\/blog.espol.edu.ec\/jefefigu\/wp-json\/wp\/v2\/categories?post=14"},{"taxonomy":"post_tag","embeddable":true,"href":"https:\/\/blog.espol.edu.ec\/jefefigu\/wp-json\/wp\/v2\/tags?post=14"}],"curies":[{"name":"wp","href":"https:\/\/api.w.org\/{rel}","templated":true}]}}