{"id":17,"date":"2016-06-02T06:33:10","date_gmt":"2016-06-02T11:33:10","guid":{"rendered":"http:\/\/blog.espol.edu.ec\/jefefigu\/?p=17"},"modified":"2016-06-02T14:49:33","modified_gmt":"2016-06-02T19:49:33","slug":"segunda-temporada-the-flash","status":"publish","type":"post","link":"https:\/\/blog.espol.edu.ec\/jefefigu\/2016\/06\/02\/segunda-temporada-the-flash\/","title":{"rendered":"Segunda Temporada: The Flash"},"content":{"rendered":"<p>&nbsp;<\/p>\n<p><img loading=\"lazy\" decoding=\"async\" class=\"size-medium wp-image-18 alignleft\" src=\"http:\/\/blog.espol.edu.ec\/jefefigu\/files\/2016\/06\/theflash-300x174.jpg\" alt=\"theflash\" width=\"300\" height=\"174\" srcset=\"https:\/\/blog.espol.edu.ec\/jefefigu\/files\/2016\/06\/theflash-300x174.jpg 300w, https:\/\/blog.espol.edu.ec\/jefefigu\/files\/2016\/06\/theflash.jpg 318w\" sizes=\"auto, (max-width: 300px) 100vw, 300px\" \/>The Flash volver\u00e1 a la peque\u00f1a pantalla <strong>el 6 de octubre<\/strong> con su segunda temporada y, para amenizar la espera, The CW ha lanzado el<strong>primer avance de los pr\u00f3ximos episodios<\/strong> con nuevos villanos y una se\u00f1al propia para el corredor escarlata al m\u00e1s puro estilo Batman.<\/p>\n<p>El avance, de tan solo once segundos de duraci\u00f3n, incluye un primer vistazo a uno de los grandes villanos de la segunda temporada,<strong>Atom-Smasher<\/strong>, interpretado por el exluchador de la WWE <strong>Adam \"The Edge\" Copeland<\/strong>.<\/p>\n<p>Tambi\u00e9n revela un <strong>nuevo foco luminoso con el logotipo<\/strong> <strong>de un rel\u00e1mpago<\/strong> que servir\u00e1 para que los polic\u00edas de Central City puedan pedir ayuda a Flash\/Barry Allen (Grant Gustin) como hace Gotham para llamar a Batman.<\/p>\n<p>Durante la premiere de la segunda entrega, Flash tendr\u00e1 que hacer frente a Atom-Smasher, como muestra el avance, quien ser\u00e1 \"uno de los enemigos m\u00e1s poderosos de esta temporada\".<\/p>\n<p>Este personaje, sacado de los c\u00f3mics de DC, llegar\u00e1 a Central City dispuesto a acabar con Flash usando su <strong>incre\u00edble fuerza y su capacidad de cambiar de tama\u00f1o<\/strong>.<\/p>\n<p>Esta nueva tanda de episodios introducir\u00e1 una<strong>Tierra alternativa<\/strong>, en la que debutar\u00e1n diferentes h\u00e9roes y villanos, conocida como <strong>Earth Two<\/strong>. Uno de estos nuevos h\u00e9roes es Jay Garrick, a quien dar\u00e1 vida Teddy Sears (Masters of Sex).<\/p>\n<p>Entre las nuevas incorporaciones tambi\u00e9n destaca <strong>Shantel VanSanten<\/strong>, que se meter\u00e1 en la piel de<strong>Patty Spivot<\/strong>, el nuevo inter\u00e9s amoroso del protagonista; y <strong>Michael Ironside<\/strong>, que encarnar\u00e1 a <strong>Lewis Snart<\/strong>, el abusivo padre de Leonard Snart\/Capit\u00e1n Fr\u00edo (Wentoworth Miller) y Lisa\/Golden Glider (Peyton List).<\/p>\n<p>El \u00faltimo en sumarse al reparto es <strong>Keiynan Lonsdale (Insurgente)<\/strong>, que ser\u00e1 el encargado de dar vida a <strong>Wally West<\/strong> y aparecer\u00e1 como parte del elenco principal de la serie desde el primer episodio, aunque todav\u00eda se desconoce c\u00f3mo encajar\u00e1 en la trama.<\/p>\n<p>The Flash estrenar\u00e1 su segunda temporada el pr\u00f3ximo 6 de octubre en The CW.<\/p>\n<div class=\"embed-container\"><iframe loading=\"lazy\" width=\"750\" height=\"422\" src=\"https:\/\/www.youtube.com\/embed\/K7c8SkKF7Y8?feature=oembed\" frameborder=\"0\" allow=\"autoplay; encrypted-media\" allowfullscreen><\/iframe><\/div>\n","protected":false},"excerpt":{"rendered":"<p>&nbsp; The Flash volver\u00e1 a la peque\u00f1a pantalla el 6 de octubre con su segunda temporada y, para amenizar la espera, The CW ha lanzado elprimer avance de los pr\u00f3ximos episodios con nuevos villanos y una se\u00f1al propia para el corredor escarlata al m\u00e1s puro estilo Batman. El avance, de tan solo once segundos de &hellip; <\/p>\n<p><a class=\"more-link btn\" href=\"https:\/\/blog.espol.edu.ec\/jefefigu\/2016\/06\/02\/segunda-temporada-the-flash\/\">Seguir leyendo<\/a><\/p>\n","protected":false},"author":10389,"featured_media":18,"comment_status":"open","ping_status":"open","sticky":false,"template":"","format":"standard","meta":{"footnotes":""},"categories":[555],"tags":[8121,5202],"class_list":["post-17","post","type-post","status-publish","format-standard","has-post-thumbnail","hentry","category-comics","tag-comic","tag-flash","item-wrap"],"_links":{"self":[{"href":"https:\/\/blog.espol.edu.ec\/jefefigu\/wp-json\/wp\/v2\/posts\/17","targetHints":{"allow":["GET"]}}],"collection":[{"href":"https:\/\/blog.espol.edu.ec\/jefefigu\/wp-json\/wp\/v2\/posts"}],"about":[{"href":"https:\/\/blog.espol.edu.ec\/jefefigu\/wp-json\/wp\/v2\/types\/post"}],"author":[{"embeddable":true,"href":"https:\/\/blog.espol.edu.ec\/jefefigu\/wp-json\/wp\/v2\/users\/10389"}],"replies":[{"embeddable":true,"href":"https:\/\/blog.espol.edu.ec\/jefefigu\/wp-json\/wp\/v2\/comments?post=17"}],"version-history":[{"count":1,"href":"https:\/\/blog.espol.edu.ec\/jefefigu\/wp-json\/wp\/v2\/posts\/17\/revisions"}],"predecessor-version":[{"id":19,"href":"https:\/\/blog.espol.edu.ec\/jefefigu\/wp-json\/wp\/v2\/posts\/17\/revisions\/19"}],"wp:featuredmedia":[{"embeddable":true,"href":"https:\/\/blog.espol.edu.ec\/jefefigu\/wp-json\/wp\/v2\/media\/18"}],"wp:attachment":[{"href":"https:\/\/blog.espol.edu.ec\/jefefigu\/wp-json\/wp\/v2\/media?parent=17"}],"wp:term":[{"taxonomy":"category","embeddable":true,"href":"https:\/\/blog.espol.edu.ec\/jefefigu\/wp-json\/wp\/v2\/categories?post=17"},{"taxonomy":"post_tag","embeddable":true,"href":"https:\/\/blog.espol.edu.ec\/jefefigu\/wp-json\/wp\/v2\/tags?post=17"}],"curies":[{"name":"wp","href":"https:\/\/api.w.org\/{rel}","templated":true}]}}