{"id":26,"date":"2016-06-02T06:48:27","date_gmt":"2016-06-02T11:48:27","guid":{"rendered":"http:\/\/blog.espol.edu.ec\/jefefigu\/?p=26"},"modified":"2016-06-02T14:46:37","modified_gmt":"2016-06-02T19:46:37","slug":"posible-final-the-big-bang-theory","status":"publish","type":"post","link":"https:\/\/blog.espol.edu.ec\/jefefigu\/2016\/06\/02\/posible-final-the-big-bang-theory\/","title":{"rendered":"Posible Final: The Big Bang Theory"},"content":{"rendered":"<p class=\"primero\"><img loading=\"lazy\" decoding=\"async\" class=\"alignnone size-medium wp-image-27\" src=\"http:\/\/blog.espol.edu.ec\/jefefigu\/files\/2016\/06\/television-2211716w620-300x168.jpg\" alt=\"television-2211716w620\" width=\"300\" height=\"168\" srcset=\"https:\/\/blog.espol.edu.ec\/jefefigu\/files\/2016\/06\/television-2211716w620-300x168.jpg 300w, https:\/\/blog.espol.edu.ec\/jefefigu\/files\/2016\/06\/television-2211716w620.jpg 620w\" sizes=\"auto, (max-width: 300px) 100vw, 300px\" \/>El pasado 12 de mayo, <i>The Big Bang Theory<\/i> lleg\u00f3 al final de su novena temporada en Estados Unidos. El \u00e9xito intacto de la historia centrada en el cuarteto de amigos amantes de las historietas y los video-juegos, pareciera dictar que la sitcom podr\u00eda seguir por siempre. <i>\u00bfo no?<\/i><\/p>\n<aside class=\"banner caja2\">\n<div id=\"eplAdDivcaja2\"><\/div>\n<\/aside>\n<p>En una panel que se desarroll\u00f3 en una convenci\u00f3n londinense, el actor Kunal Nayyar (Raj) coment\u00f3 que el contrato con CBS termina en la d\u00e9cima temporada, y que a partir de all\u00ed, la permanencia de la serie en la pantalla es un verdadero misterio: \"para ser completamente honesto, s\u00e9 que la gente querr\u00e1 saber qu\u00e9 sucede despu\u00e9s de la d\u00e9cima temporada. Pero yo no s\u00e9 qu\u00e9 pasar\u00e1\". En el mismo panel tambi\u00e9n se encontraba Melissa Rauch (Bernadette), que al igual que su compa\u00f1ero, manifest\u00f3 que si bien el deseo es seguir adelante, nadie sabe con certeza si habr\u00e1 un und\u00e9cimo a\u00f1o.<\/p>\n<p>El coordinador general, Steve Molaro, dijo que prefiere no pensar en la pr\u00f3xima temporada como la \u00faltima, pero los laberintos contractuales y principalmente los salarios, podr\u00edan ser la gran amenaza. Como antecedente, cabe recordar que el comienzo de la octava temporada en el 2014, se vio pospuesto porque Kunal y Simon Helberg (Howard) lucharon hasta el cansancio por empatar sus sueldos con los del tr\u00edo protag\u00f3nico. Lamentablemente para ellos, esas negociaciones no llegaron a buen puerto y debieron comenzar el rodaje de los episodios sin los pagos que ellos pretend\u00edan. De esa forma, y con la finalizaci\u00f3n del contrato para solo una temporada m\u00e1s, <i>The Big Bang Theory<\/i> podr\u00eda terminar en el 2017.<\/p>\n","protected":false},"excerpt":{"rendered":"<p>El pasado 12 de mayo, The Big Bang Theory lleg\u00f3 al final de su novena temporada en Estados Unidos. El \u00e9xito intacto de la historia centrada en el cuarteto de amigos amantes de las historietas y los video-juegos, pareciera dictar que la sitcom podr\u00eda seguir por siempre. \u00bfo no? En una panel que se desarroll\u00f3 &hellip; <\/p>\n<p><a class=\"more-link btn\" href=\"https:\/\/blog.espol.edu.ec\/jefefigu\/2016\/06\/02\/posible-final-the-big-bang-theory\/\">Seguir leyendo<\/a><\/p>\n","protected":false},"author":10389,"featured_media":27,"comment_status":"open","ping_status":"open","sticky":false,"template":"","format":"standard","meta":{"footnotes":""},"categories":[4076],"tags":[4076,1362936],"class_list":["post-26","post","type-post","status-publish","format-standard","has-post-thumbnail","hentry","category-comedia","tag-comedia","tag-tbbt","item-wrap"],"_links":{"self":[{"href":"https:\/\/blog.espol.edu.ec\/jefefigu\/wp-json\/wp\/v2\/posts\/26","targetHints":{"allow":["GET"]}}],"collection":[{"href":"https:\/\/blog.espol.edu.ec\/jefefigu\/wp-json\/wp\/v2\/posts"}],"about":[{"href":"https:\/\/blog.espol.edu.ec\/jefefigu\/wp-json\/wp\/v2\/types\/post"}],"author":[{"embeddable":true,"href":"https:\/\/blog.espol.edu.ec\/jefefigu\/wp-json\/wp\/v2\/users\/10389"}],"replies":[{"embeddable":true,"href":"https:\/\/blog.espol.edu.ec\/jefefigu\/wp-json\/wp\/v2\/comments?post=26"}],"version-history":[{"count":2,"href":"https:\/\/blog.espol.edu.ec\/jefefigu\/wp-json\/wp\/v2\/posts\/26\/revisions"}],"predecessor-version":[{"id":50,"href":"https:\/\/blog.espol.edu.ec\/jefefigu\/wp-json\/wp\/v2\/posts\/26\/revisions\/50"}],"wp:featuredmedia":[{"embeddable":true,"href":"https:\/\/blog.espol.edu.ec\/jefefigu\/wp-json\/wp\/v2\/media\/27"}],"wp:attachment":[{"href":"https:\/\/blog.espol.edu.ec\/jefefigu\/wp-json\/wp\/v2\/media?parent=26"}],"wp:term":[{"taxonomy":"category","embeddable":true,"href":"https:\/\/blog.espol.edu.ec\/jefefigu\/wp-json\/wp\/v2\/categories?post=26"},{"taxonomy":"post_tag","embeddable":true,"href":"https:\/\/blog.espol.edu.ec\/jefefigu\/wp-json\/wp\/v2\/tags?post=26"}],"curies":[{"name":"wp","href":"https:\/\/api.w.org\/{rel}","templated":true}]}}