{"id":63,"date":"2016-11-15T13:57:27","date_gmt":"2016-11-15T18:57:27","guid":{"rendered":"http:\/\/blog.espol.edu.ec\/jefefigu\/?p=63"},"modified":"2016-11-15T13:58:47","modified_gmt":"2016-11-15T18:58:47","slug":"the-flash-tercera-temporada","status":"publish","type":"post","link":"https:\/\/blog.espol.edu.ec\/jefefigu\/2016\/11\/15\/the-flash-tercera-temporada\/","title":{"rendered":"The Flash  -Tercera Temporada-"},"content":{"rendered":"<h2 class=\"articlepage-content-chapo\">CW Network ya ha hecho p\u00fablico el d\u00eda en que llegar\u00e1 a nuestras pantallas la tercera temporada de la serie \u2018The Flash\u2019 y en melty vamos a cont\u00e1rtelo todo.<\/h2>\n<div id=\"container_A2_ZZ1_54125698610\" class=\"_A2 _ZZ1 A2Container innerA2 drawed\"><\/div>\n<div class=\"corps\">\n<p class=\"articlepage-content-p\">Si ayer te cont\u00e1bamos que <a class=\"_skined\" href=\"http:\/\/www.melty.es\/gotham-temporada-3-la-fecha-de-estreno-cuando-llegara-a182042.html\">DC Comics y la FOX no hab\u00edan hecho p\u00fablico a\u00fan el d\u00eda exacto en que se estrenar\u00e1 la tercera temporada de \u2018Gotham\u2019<\/a>, hoy en melty queremos contarte que <b>CW Network<\/b> s\u00ed que lo ha hecho con la tercera entrega de la serie del Rel\u00e1mpago Humano. Los incre\u00edbles datos de audiencia de esta serie hacen que los espectadores quieran saberlo todo sobre ella y por eso la cadena estadounidense no escatima en informaci\u00f3n, lo que repercute directamente en la satisfacci\u00f3n de los espectadores. Te lo contamos todo a continuaci\u00f3n bajo estas l\u00edneas y adem\u00e1s tambi\u00e9n te mostramos un v\u00eddeo con la incre\u00edble escena final del \u00faltimo episodio que se ha emitido.<\/p>\n<p class=\"articlepage-content-p\">\n<\/div>\n<div style=\"width: 640px;\" class=\"wp-video\"><!--[if lt IE 9]><script>document.createElement('video');<\/script><![endif]-->\n<video class=\"wp-video-shortcode\" id=\"video-63-1\" width=\"640\" height=\"360\" preload=\"metadata\" controls=\"controls\"><source type=\"video\/mp4\" src=\"http:\/\/media.melty.es\/article-2691174-desktop\/media.mp4?_=1\" \/><a href=\"http:\/\/media.melty.es\/article-2691174-desktop\/media.mp4\">http:\/\/media.melty.es\/article-2691174-desktop\/media.mp4<\/a><\/video><\/div>\n<p>&nbsp;<\/p>\n<h2 class=\"articlepage-content-chapo\"><\/h2>\n<div class=\"corps\"><\/div>\n","protected":false},"excerpt":{"rendered":"<p>CW Network ya ha hecho p\u00fablico el d\u00eda en que llegar\u00e1 a nuestras pantallas la tercera temporada de la serie \u2018The Flash\u2019 y en melty vamos a cont\u00e1rtelo todo. Si ayer te cont\u00e1bamos que DC Comics y la FOX no hab\u00edan hecho p\u00fablico a\u00fan el d\u00eda exacto en que se estrenar\u00e1 la tercera temporada de &hellip; <\/p>\n<p><a class=\"more-link btn\" href=\"https:\/\/blog.espol.edu.ec\/jefefigu\/2016\/11\/15\/the-flash-tercera-temporada\/\">Seguir leyendo<\/a><\/p>\n","protected":false},"author":10389,"featured_media":0,"comment_status":"open","ping_status":"open","sticky":false,"template":"","format":"standard","meta":{"footnotes":""},"categories":[555,879,1362935,130],"tags":[],"class_list":["post-63","post","type-post","status-publish","format-standard","hentry","category-comics","category-nuevo","category-tf","category-videos","item-wrap"],"_links":{"self":[{"href":"https:\/\/blog.espol.edu.ec\/jefefigu\/wp-json\/wp\/v2\/posts\/63","targetHints":{"allow":["GET"]}}],"collection":[{"href":"https:\/\/blog.espol.edu.ec\/jefefigu\/wp-json\/wp\/v2\/posts"}],"about":[{"href":"https:\/\/blog.espol.edu.ec\/jefefigu\/wp-json\/wp\/v2\/types\/post"}],"author":[{"embeddable":true,"href":"https:\/\/blog.espol.edu.ec\/jefefigu\/wp-json\/wp\/v2\/users\/10389"}],"replies":[{"embeddable":true,"href":"https:\/\/blog.espol.edu.ec\/jefefigu\/wp-json\/wp\/v2\/comments?post=63"}],"version-history":[{"count":3,"href":"https:\/\/blog.espol.edu.ec\/jefefigu\/wp-json\/wp\/v2\/posts\/63\/revisions"}],"predecessor-version":[{"id":69,"href":"https:\/\/blog.espol.edu.ec\/jefefigu\/wp-json\/wp\/v2\/posts\/63\/revisions\/69"}],"wp:attachment":[{"href":"https:\/\/blog.espol.edu.ec\/jefefigu\/wp-json\/wp\/v2\/media?parent=63"}],"wp:term":[{"taxonomy":"category","embeddable":true,"href":"https:\/\/blog.espol.edu.ec\/jefefigu\/wp-json\/wp\/v2\/categories?post=63"},{"taxonomy":"post_tag","embeddable":true,"href":"https:\/\/blog.espol.edu.ec\/jefefigu\/wp-json\/wp\/v2\/tags?post=63"}],"curies":[{"name":"wp","href":"https:\/\/api.w.org\/{rel}","templated":true}]}}