{"id":70,"date":"2016-11-15T14:01:06","date_gmt":"2016-11-15T19:01:06","guid":{"rendered":"http:\/\/blog.espol.edu.ec\/jefefigu\/?p=70"},"modified":"2016-11-15T14:01:06","modified_gmt":"2016-11-15T19:01:06","slug":"preacher-nueva-temporada","status":"publish","type":"post","link":"https:\/\/blog.espol.edu.ec\/jefefigu\/2016\/11\/15\/preacher-nueva-temporada\/","title":{"rendered":"Preacher -Nueva Temporada-"},"content":{"rendered":"<p>\u00a1<i><a title=\"Preacher (EE.UU.) (Acci\u00f3n,Terror)\" href=\"http:\/\/www.sensacine.com\/series\/serie-17298\/\">Preacher<\/a><\/i> renueva por una segunda temporada! <strong>AMC<\/strong> ha decidido darle una nueva entrega a la ficci\u00f3n protagonizada por <a title=\"Dominic Cooper (Gran Breta\u00f1a) (Actor)\" href=\"http:\/\/www.sensacine.com\/actores\/actor-164428\/\">Dominic Cooper<\/a>\u00a0que constar\u00e1 de <strong>13 episodios<\/strong> y se estrenar\u00e1 en <strong>2017<\/strong>.<\/p>\n<p>\"<i>Preacher<\/i> es un programa de televisi\u00f3n muy especial y estamos ansiosos de compartir con los fans el resto de esta salvaje primera temporada y, ahora,<strong> una segunda expandida<\/strong>\", afirma <strong>Charlie Collier<\/strong> (v\u00eda <i>CB<\/i>), presidente de AMC. \"Lo que Sam, Seth, Evan y el equipo creativo han logradao llevando la novela gr\u00e1fica de Garth Ennis a la pantalla es extraordinario. Esperamos pasar m\u00e1s tiempo con estos personajes inolvidables en el Cielo, el Infierno, Texas o m\u00e1s all\u00e1\", a\u00f1ade.<\/p>\n<p><a href=\"http:\/\/www.sensacine.com\/series\/serie-17298\/video-19543705\/\">http:\/\/www.sensacine.com\/series\/serie-17298\/video-19543705\/<\/a><\/p>\n<p>Basada en la popular franquicia de c\u00f3mics del mismo nombre, <i>Preacher<\/i> es una comedia negra sobrenatural que sigue a un predicador de Texas llamado<strong> Jesse Custer<\/strong> (Cooper). Dentro de \u00e9l se ha introducido G\u00e9nesis, una criatura que le da el poder de hacer que la gente <strong>obedezca todas sus \u00f3rdenes<\/strong>. Cuando sus nuevas habilidades atraen la atenci\u00f3n de dos misteriosos \u00e1ngeles, Fiore (Tom Brooke) y DeBlanc (Anatol Yusef), el propotagonista, su ex-novia Tulip (<a title=\"Ruth Negga (Irlanda,Etiop\u00eda) (Actor)\" href=\"http:\/\/www.sensacine.com\/actores\/actor-136344\/\">Ruth Negga<\/a>) y el vampiro irland\u00e9s Cassidy (Joseph Gilgun) se ver\u00e1n empujados a un mundo lleno de criaturas que provienen del Infierno y del Cielo.<\/p>\n<p>AMC emite el pr\u00f3ximo episodio de la ficci\u00f3n titulado <strong>'Sundower' (1x06)<\/strong> el pr\u00f3ximo d\u00eda <strong>3 de julio<\/strong>.<\/p>\n","protected":false},"excerpt":{"rendered":"<p>\u00a1Preacher renueva por una segunda temporada! AMC ha decidido darle una nueva entrega a la ficci\u00f3n protagonizada por Dominic Cooper\u00a0que constar\u00e1 de 13 episodios y se estrenar\u00e1 en 2017. \"Preacher es un programa de televisi\u00f3n muy especial y estamos ansiosos de compartir con los fans el resto de esta salvaje primera temporada y, ahora, una &hellip; <\/p>\n<p><a class=\"more-link btn\" href=\"https:\/\/blog.espol.edu.ec\/jefefigu\/2016\/11\/15\/preacher-nueva-temporada\/\">Seguir leyendo<\/a><\/p>\n","protected":false},"author":10389,"featured_media":0,"comment_status":"open","ping_status":"open","sticky":false,"template":"","format":"standard","meta":{"footnotes":""},"categories":[818],"tags":[],"class_list":["post-70","post","type-post","status-publish","format-standard","hentry","category-sin-categoria","item-wrap"],"_links":{"self":[{"href":"https:\/\/blog.espol.edu.ec\/jefefigu\/wp-json\/wp\/v2\/posts\/70","targetHints":{"allow":["GET"]}}],"collection":[{"href":"https:\/\/blog.espol.edu.ec\/jefefigu\/wp-json\/wp\/v2\/posts"}],"about":[{"href":"https:\/\/blog.espol.edu.ec\/jefefigu\/wp-json\/wp\/v2\/types\/post"}],"author":[{"embeddable":true,"href":"https:\/\/blog.espol.edu.ec\/jefefigu\/wp-json\/wp\/v2\/users\/10389"}],"replies":[{"embeddable":true,"href":"https:\/\/blog.espol.edu.ec\/jefefigu\/wp-json\/wp\/v2\/comments?post=70"}],"version-history":[{"count":1,"href":"https:\/\/blog.espol.edu.ec\/jefefigu\/wp-json\/wp\/v2\/posts\/70\/revisions"}],"predecessor-version":[{"id":71,"href":"https:\/\/blog.espol.edu.ec\/jefefigu\/wp-json\/wp\/v2\/posts\/70\/revisions\/71"}],"wp:attachment":[{"href":"https:\/\/blog.espol.edu.ec\/jefefigu\/wp-json\/wp\/v2\/media?parent=70"}],"wp:term":[{"taxonomy":"category","embeddable":true,"href":"https:\/\/blog.espol.edu.ec\/jefefigu\/wp-json\/wp\/v2\/categories?post=70"},{"taxonomy":"post_tag","embeddable":true,"href":"https:\/\/blog.espol.edu.ec\/jefefigu\/wp-json\/wp\/v2\/tags?post=70"}],"curies":[{"name":"wp","href":"https:\/\/api.w.org\/{rel}","templated":true}]}}