{"id":72,"date":"2016-11-15T14:03:41","date_gmt":"2016-11-15T19:03:41","guid":{"rendered":"http:\/\/blog.espol.edu.ec\/jefefigu\/?p=72"},"modified":"2016-11-15T14:03:41","modified_gmt":"2016-11-15T19:03:41","slug":"the-big-bang-theory-ultima-temporada","status":"publish","type":"post","link":"https:\/\/blog.espol.edu.ec\/jefefigu\/2016\/11\/15\/the-big-bang-theory-ultima-temporada\/","title":{"rendered":"The Big Bang Theory!!!! Ultima Temporada"},"content":{"rendered":"<p><img loading=\"lazy\" decoding=\"async\" class=\"alignnone size-medium wp-image-73\" src=\"http:\/\/blog.espol.edu.ec\/jefefigu\/files\/2016\/11\/560919-300x120.jpg\" alt=\"560919\" width=\"300\" height=\"120\" srcset=\"https:\/\/blog.espol.edu.ec\/jefefigu\/files\/2016\/11\/560919-300x120.jpg 300w, https:\/\/blog.espol.edu.ec\/jefefigu\/files\/2016\/11\/560919-768x307.jpg 768w, https:\/\/blog.espol.edu.ec\/jefefigu\/files\/2016\/11\/560919.jpg 770w\" sizes=\"auto, (max-width: 300px) 100vw, 300px\" \/><\/p>\n<p>La d\u00e9cima temporada de\u00a0<a title=\"Big Bang (EE.UU.) (Comedia)\" href=\"http:\/\/www.sensacine.com\/series\/serie-3247\/\">The Big Bang Theory<\/a> ya tiene fecha de estreno en CBS. <strong>Toma nota: 19 de septiembre de 2016.<\/strong> Seg\u00fan publica <i>TVLine<\/i>, la nueva entrega de la 'sitcom' comenzar\u00e1 emiti\u00e9ndose en lunes y, a partir del 27 de octubre regresar\u00e1 a su franja habitual del jueves en 'prime time'.<\/p>\n<p>La nueva entrega de la serie protagonizada por <a title=\"Jim Parsons (EE.UU.) (Actor,Productor,Creator\/Showrunner)\" href=\"http:\/\/www.sensacine.com\/actores\/actor-143152\/\">Jim Parsons<\/a>,\u00a0<a title=\"Johnny Galecki (EE.UU.) (Actor,Productor delegado)\" href=\"http:\/\/www.sensacine.com\/actores\/actor-8898\/\">Johnny Galecki<\/a>y\u00a0<a title=\"Kaley Cuoco (EE.UU.) (Actor,Productor delegado)\" href=\"http:\/\/www.sensacine.com\/actores\/actor-104389\/\">Kaley Cuoco<\/a> es la \u00faltima de la triple renovaci\u00f3n que CBS anunci\u00f3 en 2014 y de momento no ha sido confirmado si la d\u00e9cima temporada ser\u00e1 la \u00faltima o si la serie m\u00e1s exitosa al otro lado del charco ser\u00e1 renovada por futuras entregas.<\/p>\n<p>La fecha del estreno de\u00a0 la d\u00e9cima entrega de <i>The Big Bang Theory<\/i> ha sido anunciado como parte de la nueva programaci\u00f3n de CBS para la temporada 2016-2017.<\/p>\n<p>&nbsp;<\/p>\n","protected":false},"excerpt":{"rendered":"<p>La d\u00e9cima temporada de\u00a0The Big Bang Theory ya tiene fecha de estreno en CBS. Toma nota: 19 de septiembre de 2016. Seg\u00fan publica TVLine, la nueva entrega de la 'sitcom' comenzar\u00e1 emiti\u00e9ndose en lunes y, a partir del 27 de octubre regresar\u00e1 a su franja habitual del jueves en 'prime time'. La nueva entrega de &hellip; <\/p>\n<p><a class=\"more-link btn\" href=\"https:\/\/blog.espol.edu.ec\/jefefigu\/2016\/11\/15\/the-big-bang-theory-ultima-temporada\/\">Seguir leyendo<\/a><\/p>\n","protected":false},"author":10389,"featured_media":0,"comment_status":"open","ping_status":"open","sticky":false,"template":"","format":"standard","meta":{"footnotes":""},"categories":[4076,634,879,1362936],"tags":[],"class_list":["post-72","post","type-post","status-publish","format-standard","hentry","category-comedia","category-final","category-nuevo","category-tbbt","item-wrap"],"_links":{"self":[{"href":"https:\/\/blog.espol.edu.ec\/jefefigu\/wp-json\/wp\/v2\/posts\/72","targetHints":{"allow":["GET"]}}],"collection":[{"href":"https:\/\/blog.espol.edu.ec\/jefefigu\/wp-json\/wp\/v2\/posts"}],"about":[{"href":"https:\/\/blog.espol.edu.ec\/jefefigu\/wp-json\/wp\/v2\/types\/post"}],"author":[{"embeddable":true,"href":"https:\/\/blog.espol.edu.ec\/jefefigu\/wp-json\/wp\/v2\/users\/10389"}],"replies":[{"embeddable":true,"href":"https:\/\/blog.espol.edu.ec\/jefefigu\/wp-json\/wp\/v2\/comments?post=72"}],"version-history":[{"count":1,"href":"https:\/\/blog.espol.edu.ec\/jefefigu\/wp-json\/wp\/v2\/posts\/72\/revisions"}],"predecessor-version":[{"id":74,"href":"https:\/\/blog.espol.edu.ec\/jefefigu\/wp-json\/wp\/v2\/posts\/72\/revisions\/74"}],"wp:attachment":[{"href":"https:\/\/blog.espol.edu.ec\/jefefigu\/wp-json\/wp\/v2\/media?parent=72"}],"wp:term":[{"taxonomy":"category","embeddable":true,"href":"https:\/\/blog.espol.edu.ec\/jefefigu\/wp-json\/wp\/v2\/categories?post=72"},{"taxonomy":"post_tag","embeddable":true,"href":"https:\/\/blog.espol.edu.ec\/jefefigu\/wp-json\/wp\/v2\/tags?post=72"}],"curies":[{"name":"wp","href":"https:\/\/api.w.org\/{rel}","templated":true}]}}