{"id":8,"date":"2010-07-14T03:20:49","date_gmt":"2010-07-14T03:20:49","guid":{"rendered":"http:\/\/blog.espol.edu.ec\/jelizamb\/?p=8"},"modified":"2010-07-14T03:20:49","modified_gmt":"2010-07-14T03:20:49","slug":"el-cerro-de-la-mona","status":"publish","type":"post","link":"https:\/\/blog.espol.edu.ec\/jelizamb\/2010\/07\/14\/el-cerro-de-la-mona\/","title":{"rendered":"\"EL CERRO DE LA MONA\""},"content":{"rendered":"<p>\u00a0<\/p>\n<p>Hace muchos anos, en el Cerro de la Mona, tenia lugar durante las noches de Semana Santa un extra\u00f1o acontecimiento...<\/p>\n<p>\u00a0Cuentan los vecinos del lugar que se escuchaba a altas horas de la noche una melodiosa voz entonar las mas hermosas canciones.\u00a0<\/p>\n<p>Los hombres se sent\u00edan atra\u00eddos y con gran ansiedad trataban por todos los medios de localizar el lugar de donde proven\u00eda aquella voz de mujer. Muy pocos fueron los afortunados que lo consiguieron y era tanta la admiraci\u00f3n al verla, que quedaban at\u00f3nitos al contemplar de cerca aquella musa, quiz\u00e1 angel, porque se parec\u00eda a las pinturas que pendian en los altares de las iglesias, con la unica diferencia que esta estaba viva y sentada sobre una piedra, banada por la luz de la luna.\u00a0 La dulce mujer casi una nina al sentir la presencia humana desaparec\u00eda.<\/p>\n<p>Una noche un osado caballero logro acercarse y pudo mirarla a su antojo: estaba sobre la piedra, su pelo largo y lacio le cubria la espalda, con la luz de la luna se reflejaba el brillo dorado de sus hebras, la piel era blanca, sus ojos verdes como las hojas de los arbles en los primeros dias de invierno, mientras cantaba, peinaba su cabellera con una peineta de oro.\u00a0 Como arrastrado por una fuerza extrana, nuestro hombre se puso frente a ella.\u00a0 La bella mujer se sorprendio; pero paulatinamente, una sonrisa enigmatica aparecio en sus labios y con una voz cautivante pregunto:<\/p>\n<p>-\u00bfQue quieres, la peinilla o la peineta?<\/p>\n<p>El aturdido respondio:<\/p>\n<p>- La Peineta.<\/p>\n<p>La nina se puso a llorar y desaparecio.\u00a0 El hombre, entristecido, regreso a su casa; durante varias noches acudio al cerro pero de ella no habia ningun rastro.\u00a0 Paso un largo ano y una noche, cuando las voces de la ciudad se habian apagado, de la parte mas alta del cerro de la Mona, surgio la magica voz; aquel hombre al escucharla corrio hasta el sitio de la piedra.\u00a0 Alli estaba ella en actitud de espera. Al verla le dijo:<\/p>\n<p>-Te esperaba, sabia que vendr\u00edas.<\/p>\n<p>-Si, todas las noches he sonado con este momento. \u00bfQue quieres de mi?<\/p>\n<p>- Se que eres un hombre valiente y bueno; quiero ayudarte para que seas rico y feliz para toda tu vida; pero, antes tendr\u00e1s que hacer algo por mi.\u00a0 Deseo que vengas manana cuando las campanas de la iglesia anuncien las doce de la noche; trae una soga, y, por favor, ven solo.\u00a0 A media noche el hombre sale de su hogar rumbo al sitio de la piedra.<\/p>\n<p>La joven le ordena que la ate fuertemente y la lleve a la ciudad, que no tenga miedo si se convierte en serpiente,pues, eso es parte del hechizo que pesa sobre ella; ademas, le advierte que trataran de atacarlo, pero que no se detenga.<\/p>\n<p>El hombre hizo lo que ella le hab\u00eda ordenado.\u00a0 Camino un largo trecho.\u00a0 Se sent\u00eda cansado por el peso de la joven, ademas, a su paso las piedras se convert\u00edan en fieras salvajes, en monos de todos los tama\u00f1os que danzaban fren\u00e9ticamente ante sus ojos.\u00a0 De pronto, un silbido penetrante de culebras lo hace detenerse.\u00a0 La joven como obedeciendo a un conjuro, se transformo en serpiente; el terror se apodera\u00a0 de el, sin poder mas, la suelta.\u00a0 Se escucha un hondo gemido y una voz que decia: Cobarde, cobarde, eres un cobarde.\u00a0 El viento comenz\u00f3 a sollozar entre las hojas de los arboles, la serpiente se convirti\u00f3 otra vez en mujer, los animales en piedras y ella desapareci\u00f3.<\/p>\n<p>Cuentan que aquella voz no dejo vivir tranquilo a este pobre hombre.\u00a0 Un d\u00eda lo hallaron muerto junto a la piedra grande que hasta hoy existe.<\/p>\n<p>Desde entonces, nadie ha vuelto a escuchar esa sugestiva voz de mujer, o si alguno la ha o\u00eddo el temor lo ha hecho callar.\u00a0<\/p>\n<p>\u00a0Pero quienes la vieron dicen que era muy bella, con su piel blanca, sus grandes ojos verdes, su cabellera larga y dorada adornando su figura.<\/p>\n","protected":false},"excerpt":{"rendered":"<p>\u00a0 Hace muchos anos, en el Cerro de la Mona, tenia lugar durante las noches de Semana Santa un extra\u00f1o acontecimiento... \u00a0Cuentan los vecinos del lugar que se escuchaba a altas horas de la noche una melodiosa voz entonar las mas hermosas canciones.\u00a0 Los hombres se sent\u00edan atra\u00eddos y con gran ansiedad trataban por todos [&hellip;]<\/p>\n","protected":false},"author":4995,"featured_media":0,"comment_status":"open","ping_status":"open","sticky":false,"template":"","format":"standard","meta":{"footnotes":""},"categories":[1],"tags":[],"class_list":["post-8","post","type-post","status-publish","format-standard","hentry","category-uncategorized"],"_links":{"self":[{"href":"https:\/\/blog.espol.edu.ec\/jelizamb\/wp-json\/wp\/v2\/posts\/8","targetHints":{"allow":["GET"]}}],"collection":[{"href":"https:\/\/blog.espol.edu.ec\/jelizamb\/wp-json\/wp\/v2\/posts"}],"about":[{"href":"https:\/\/blog.espol.edu.ec\/jelizamb\/wp-json\/wp\/v2\/types\/post"}],"author":[{"embeddable":true,"href":"https:\/\/blog.espol.edu.ec\/jelizamb\/wp-json\/wp\/v2\/users\/4995"}],"replies":[{"embeddable":true,"href":"https:\/\/blog.espol.edu.ec\/jelizamb\/wp-json\/wp\/v2\/comments?post=8"}],"version-history":[{"count":1,"href":"https:\/\/blog.espol.edu.ec\/jelizamb\/wp-json\/wp\/v2\/posts\/8\/revisions"}],"predecessor-version":[{"id":10,"href":"https:\/\/blog.espol.edu.ec\/jelizamb\/wp-json\/wp\/v2\/posts\/8\/revisions\/10"}],"wp:attachment":[{"href":"https:\/\/blog.espol.edu.ec\/jelizamb\/wp-json\/wp\/v2\/media?parent=8"}],"wp:term":[{"taxonomy":"category","embeddable":true,"href":"https:\/\/blog.espol.edu.ec\/jelizamb\/wp-json\/wp\/v2\/categories?post=8"},{"taxonomy":"post_tag","embeddable":true,"href":"https:\/\/blog.espol.edu.ec\/jelizamb\/wp-json\/wp\/v2\/tags?post=8"}],"curies":[{"name":"wp","href":"https:\/\/api.w.org\/{rel}","templated":true}]}}