{"id":12,"date":"2009-10-25T18:08:45","date_gmt":"2009-10-25T23:08:45","guid":{"rendered":"http:\/\/blog.espol.edu.ec\/jisandoy\/?p=12"},"modified":"2009-10-25T18:16:34","modified_gmt":"2009-10-25T23:16:34","slug":"realidad-de-nuestro-pais","status":"publish","type":"post","link":"https:\/\/blog.espol.edu.ec\/jisandoy\/2009\/10\/25\/realidad-de-nuestro-pais\/","title":{"rendered":"Realidad de nuestro Pa\u00eds"},"content":{"rendered":"<p><img loading=\"lazy\" decoding=\"async\" class=\"aligncenter size-full wp-image-15\" src=\"http:\/\/blog.espol.edu.ec\/jisandoy\/files\/2009\/10\/berni30.jpg\" alt=\"Econom\u00eda en Ecuador\" width=\"410\" height=\"296\" srcset=\"https:\/\/blog.espol.edu.ec\/jisandoy\/files\/2009\/10\/berni30.jpg 410w, https:\/\/blog.espol.edu.ec\/jisandoy\/files\/2009\/10\/berni30-300x216.jpg 300w\" sizes=\"auto, (max-width: 410px) 100vw, 410px\" \/>Quiero empezar este art\u00edculo con una cita de<a title=\"El mundo sin muros - La Revista\" href=\"http:\/\/www.larevista.ec\/me-interesa\/sociedad\/el-mundo-sin-muros\"> La Revista<\/a> (edici\u00f3n del domingo 25 de octubre) de El Universo, en la que se habla sobre los \"Muros\" que han dividido al mundo moderno. El tema central era la historia del Muro de Berlin y acontecimientos que de este muro se produjeron.<\/p>\n<p>Me pareci\u00f3 muy interesante el siguiente p\u00e1rrafo: <strong>\"En el Ecuador de hoy, cuando grupos pol\u00edticos y Gobierno no logran acordar un modelo de desarrollo que integre las distintas visiones del mundo, propias de nuestra diversidad regional, \u00e9tnica y cultural, \u00bfqui\u00e9nes apean el conflicto desde lo alto del muro, cual guardias de frontera, repitiendo consignas y etiquetas, sin hacer nada por resolverlo?\"<\/strong> <em>(Jaime Tumbea, La Revista)<\/em>.<\/p>\n<p>Y es que <strong>uno de los mayores temores que alguien como emprendedor tiene, es precisamente la inestabilidad econ\u00f3mica, pol\u00edtica y social, que, a causa de ciertos grupos con nuevas ideolog\u00edas <\/strong><em><strong>\"revolucionarias\"<\/strong><\/em><strong> han causado en nuestro Pa\u00eds.<\/strong> Y es que definitivamente aunque muchos no nos hayamos dado cuenta a\u00fan, se han creado ya muchos y peligrosos muros en nuestra sociedad, a simple vista puede saltar el caso del incitamiento al odio entre clases que actualmente se ha difundido. Otro gran muro es la desconfianza por parte de los inversionistas causada por nuevas pol\u00edticas en el Ecuador.<\/p>\n<p>En el presente art\u00edculo no es mi intenci\u00f3n hablar sobre pol\u00edtica (de hecho tampoco lo es la finalidad del blog), pero quiero que se haga conciencia de la realidad que estamos atravesando y al mismo tiempo dejar en claro que de nosotros depende que esto empiece a cambiar para empezar a forjar un mejor futuro. Personalmente creo en que de a poco la situaci\u00f3n puede ir mejorando, nuevamente les digo, de nosotros mucho depende.<\/p>\n<p>Hasta la pr\u00f3xima.<\/p>\n","protected":false},"excerpt":{"rendered":"<p>Quiero empezar este art\u00edculo con una cita de La Revista (edici\u00f3n del domingo 25 de octubre) de El Universo, en la que se habla sobre los \"Muros\" que han dividido al mundo moderno. El tema central era la historia del Muro de Berlin y acontecimientos que de este muro se produjeron. Me pareci\u00f3 muy interesante [&hellip;]<\/p>\n","protected":false},"author":3211,"featured_media":0,"comment_status":"open","ping_status":"open","sticky":false,"template":"","format":"standard","meta":{"_monsterinsights_skip_tracking":false,"_monsterinsights_sitenote_active":false,"_monsterinsights_sitenote_note":"","_monsterinsights_sitenote_category":0,"footnotes":""},"categories":[82],"tags":[2799,12486,69,70,16237,12497,12485,36,4975],"class_list":["post-12","post","type-post","status-publish","format-standard","hentry","category-emprendimiento","tag-correa","tag-desconfianza","tag-economia","tag-ecuador","tag-emprendimiento","tag-ivan-sandoya","tag-muros","tag-politica","tag-riesgos"],"_links":{"self":[{"href":"https:\/\/blog.espol.edu.ec\/jisandoy\/wp-json\/wp\/v2\/posts\/12","targetHints":{"allow":["GET"]}}],"collection":[{"href":"https:\/\/blog.espol.edu.ec\/jisandoy\/wp-json\/wp\/v2\/posts"}],"about":[{"href":"https:\/\/blog.espol.edu.ec\/jisandoy\/wp-json\/wp\/v2\/types\/post"}],"author":[{"embeddable":true,"href":"https:\/\/blog.espol.edu.ec\/jisandoy\/wp-json\/wp\/v2\/users\/3211"}],"replies":[{"embeddable":true,"href":"https:\/\/blog.espol.edu.ec\/jisandoy\/wp-json\/wp\/v2\/comments?post=12"}],"version-history":[{"count":5,"href":"https:\/\/blog.espol.edu.ec\/jisandoy\/wp-json\/wp\/v2\/posts\/12\/revisions"}],"predecessor-version":[{"id":20,"href":"https:\/\/blog.espol.edu.ec\/jisandoy\/wp-json\/wp\/v2\/posts\/12\/revisions\/20"}],"wp:attachment":[{"href":"https:\/\/blog.espol.edu.ec\/jisandoy\/wp-json\/wp\/v2\/media?parent=12"}],"wp:term":[{"taxonomy":"category","embeddable":true,"href":"https:\/\/blog.espol.edu.ec\/jisandoy\/wp-json\/wp\/v2\/categories?post=12"},{"taxonomy":"post_tag","embeddable":true,"href":"https:\/\/blog.espol.edu.ec\/jisandoy\/wp-json\/wp\/v2\/tags?post=12"}],"curies":[{"name":"wp","href":"https:\/\/api.w.org\/{rel}","templated":true}]}}