{"id":100,"date":"2010-08-21T18:32:53","date_gmt":"2010-08-21T18:32:53","guid":{"rendered":"http:\/\/blog.espol.edu.ec\/jjloayza\/?p=100"},"modified":"2010-08-23T18:33:52","modified_gmt":"2010-08-23T18:33:52","slug":"pinas-orquidea-de-los-andes","status":"publish","type":"post","link":"https:\/\/blog.espol.edu.ec\/jjloayza\/2010\/08\/21\/pinas-orquidea-de-los-andes\/","title":{"rendered":"Pi\u00f1as  \"Orqu\u00eddea de los Andes\""},"content":{"rendered":"<p><a href=\"http:\/\/blog.espol.edu.ec\/jjloayza\/files\/2010\/08\/pinas_ciudad_06.jpg\"><img loading=\"lazy\" decoding=\"async\" class=\"alignnone size-medium wp-image-101\" title=\"pinas_ciudad_06\" src=\"http:\/\/blog.espol.edu.ec\/jjloayza\/files\/2010\/08\/pinas_ciudad_06-300x225.jpg\" alt=\"\" width=\"300\" height=\"225\" srcset=\"https:\/\/blog.espol.edu.ec\/jjloayza\/files\/2010\/08\/pinas_ciudad_06-300x225.jpg 300w, https:\/\/blog.espol.edu.ec\/jjloayza\/files\/2010\/08\/pinas_ciudad_06.jpg 512w\" sizes=\"auto, (max-width: 300px) 100vw, 300px\" \/><\/a><\/p>\n<p>Pi\u00f1as, es un cant\u00f3n de la provincia de El Oro, ubicado al suroeste del Ecuador y enclavado en el altiplano orense, a 1.014 metros de altura.s.n.m.- La cabecera cantonal, es la ciudad de Pi\u00f1as, conocida tambi\u00e9n como la ciudad \u201cOrqu\u00eddea de los Andes\", debido a la extensa variedad de orqu\u00eddeas nativas encontradas y descubiertas en esta regi\u00f3n \u00fanica del Ecuador meridional. Pi\u00f1as, ciudad apacible, agradable y tranquila, posee un clima primaveral. Fue fundada por Juan de Loayza en 1.815, un espa\u00f1ol intr\u00e9pido que la bautiz\u00f3 as\u00ed, para recordar su lugar de nacimiento, una Hacienda en Espa\u00f1a.<br \/>\nPi\u00f1as se ha convertido en centro de atracci\u00f3n tur\u00edstica, comercial y cultural. Es un punto geogr\u00e1fico y estrat\u00e9gico que est\u00e1 rodeado por los cantones de Zaruma, Portovelo, Atahualpa, y de Marcabel\u00ed, Balsas y Santa Rosa. Su v\u00eda principal de acceso desde Machala es asfaltada y sinuosa.<\/p>\n","protected":false},"excerpt":{"rendered":"<p>Pi\u00f1as, es un cant\u00f3n de la provincia de El Oro, ubicado al suroeste del Ecuador y enclavado en el altiplano orense, a 1.014 metros de altura.s.n.m.- La cabecera cantonal, es la ciudad de Pi\u00f1as, conocida tambi\u00e9n como la ciudad \u201cOrqu\u00eddea de los Andes\", debido a la extensa variedad de orqu\u00eddeas nativas encontradas y descubiertas en [&hellip;]<\/p>\n","protected":false},"author":4590,"featured_media":0,"comment_status":"open","ping_status":"open","sticky":false,"template":"","format":"standard","meta":{"footnotes":""},"categories":[1],"tags":[],"class_list":["post-100","post","type-post","status-publish","format-standard","hentry","category-uncategorized"],"_links":{"self":[{"href":"https:\/\/blog.espol.edu.ec\/jjloayza\/wp-json\/wp\/v2\/posts\/100","targetHints":{"allow":["GET"]}}],"collection":[{"href":"https:\/\/blog.espol.edu.ec\/jjloayza\/wp-json\/wp\/v2\/posts"}],"about":[{"href":"https:\/\/blog.espol.edu.ec\/jjloayza\/wp-json\/wp\/v2\/types\/post"}],"author":[{"embeddable":true,"href":"https:\/\/blog.espol.edu.ec\/jjloayza\/wp-json\/wp\/v2\/users\/4590"}],"replies":[{"embeddable":true,"href":"https:\/\/blog.espol.edu.ec\/jjloayza\/wp-json\/wp\/v2\/comments?post=100"}],"version-history":[{"count":3,"href":"https:\/\/blog.espol.edu.ec\/jjloayza\/wp-json\/wp\/v2\/posts\/100\/revisions"}],"predecessor-version":[{"id":104,"href":"https:\/\/blog.espol.edu.ec\/jjloayza\/wp-json\/wp\/v2\/posts\/100\/revisions\/104"}],"wp:attachment":[{"href":"https:\/\/blog.espol.edu.ec\/jjloayza\/wp-json\/wp\/v2\/media?parent=100"}],"wp:term":[{"taxonomy":"category","embeddable":true,"href":"https:\/\/blog.espol.edu.ec\/jjloayza\/wp-json\/wp\/v2\/categories?post=100"},{"taxonomy":"post_tag","embeddable":true,"href":"https:\/\/blog.espol.edu.ec\/jjloayza\/wp-json\/wp\/v2\/tags?post=100"}],"curies":[{"name":"wp","href":"https:\/\/api.w.org\/{rel}","templated":true}]}}