{"id":27,"date":"2015-11-24T20:49:08","date_gmt":"2015-11-24T20:49:08","guid":{"rendered":"http:\/\/blog.espol.edu.ec\/jmmolina\/?p=27"},"modified":"2015-11-24T20:49:32","modified_gmt":"2015-11-24T20:49:32","slug":"ceibos","status":"publish","type":"post","link":"https:\/\/blog.espol.edu.ec\/jmmolina\/2015\/11\/24\/ceibos\/","title":{"rendered":"ceibos"},"content":{"rendered":"<p>El ceibo es un \u00e1rbol t\u00edpico del bosque seco tropical, que en Ecuador se encuentra distribuido principalmente entre Manab\u00ed, Santa Elena, Guayas, El Oro y Loja. Con mayor presencia en el Parque Nacional Machalilla y el cerro Montecristi, Manab\u00ed; Golfo de Guayaquil, isla Pun\u00e1, Cerro Blanco y en la Reserva Ecol\u00f3gica Manglares-Churute, Guayas; y en el suroccidente de las provincias de Loja y El Oro, en la frontera con Per\u00fa.<\/p>\n<p>Dentro del bosque seco crece este gigante para mantener fijo ese suelo con sus enormes y fuertes ra\u00edces tablares (las principales sobresalen del suelo) y ayudar a la estabilizaci\u00f3n y control de la erosi\u00f3n de la tierra. Mientras, si se encuentra cerca de fuentes de agua, ayuda al mantenimiento y regulaci\u00f3n del ciclo hidrol\u00f3gico, porque al almacenar l\u00edquido en su tronco en \u00e9poca de lluvias y filtrarla al suelo en etapa de sequ\u00eda, conserva activo al suelo.<\/p>\n<p>Pero para ser tan grande y fuerte, un proceso que le puede tomar hasta 100 a\u00f1os, debe protegerse. Lo hace desde peque\u00f1o. El ingeniero forestal Johnny Ay\u00f3n, estudioso de la especie y parte del equipo de Fundaci\u00f3n Pro Bosque, explica que uno de los principales mecanismos de protecci\u00f3n que le permite al ceibo alcanzar su madurez es que en su estado juvenil, en la cuarta parte de los cerca de 150 a\u00f1os de vida que tiene, su tronco est\u00e1 totalmente cubierto de fuertes espinas c\u00f3nicas, cortas o gruesas.<\/p>\n<p>&nbsp;<\/p>\n<p><a href=\"http:\/\/blog.espol.edu.ec\/jmmolina\/files\/2015\/11\/CEIBOS.jpg\"><img loading=\"lazy\" decoding=\"async\" class=\"alignnone size-medium wp-image-28\" src=\"http:\/\/blog.espol.edu.ec\/jmmolina\/files\/2015\/11\/CEIBOS-300x225.jpg\" alt=\"CEIBOS}\" width=\"300\" height=\"225\" srcset=\"https:\/\/blog.espol.edu.ec\/jmmolina\/files\/2015\/11\/CEIBOS-300x225.jpg 300w, https:\/\/blog.espol.edu.ec\/jmmolina\/files\/2015\/11\/CEIBOS-1024x768.jpg 1024w, https:\/\/blog.espol.edu.ec\/jmmolina\/files\/2015\/11\/CEIBOS.jpg 2048w\" sizes=\"auto, (max-width: 300px) 100vw, 300px\" \/><\/a><\/p>\n<p>&nbsp;<\/p>\n<p>&nbsp;<\/p>\n<p>&nbsp;<\/p>\n<p>&nbsp;<\/p>\n","protected":false},"excerpt":{"rendered":"<p>El ceibo es un \u00e1rbol t\u00edpico del bosque seco tropical, que en Ecuador se encuentra distribuido principalmente entre Manab\u00ed, Santa Elena, Guayas, El Oro y Loja. Con mayor presencia en el Parque Nacional Machalilla y el cerro Montecristi, Manab\u00ed; Golfo de Guayaquil, isla Pun\u00e1, Cerro Blanco y en la Reserva Ecol\u00f3gica Manglares-Churute, Guayas; y en el suroccidente de las provincias<br \/><span class=\"read_more\"><a href=\"https:\/\/blog.espol.edu.ec\/jmmolina\/2015\/11\/24\/ceibos\/\">Read more...<\/a><\/span><\/p>\n","protected":false},"author":10100,"featured_media":0,"comment_status":"open","ping_status":"open","sticky":false,"template":"","format":"standard","meta":{"footnotes":""},"categories":[1329563],"tags":[],"class_list":["post-27","post","type-post","status-publish","format-standard","hentry","category-gran-tamano"],"_links":{"self":[{"href":"https:\/\/blog.espol.edu.ec\/jmmolina\/wp-json\/wp\/v2\/posts\/27","targetHints":{"allow":["GET"]}}],"collection":[{"href":"https:\/\/blog.espol.edu.ec\/jmmolina\/wp-json\/wp\/v2\/posts"}],"about":[{"href":"https:\/\/blog.espol.edu.ec\/jmmolina\/wp-json\/wp\/v2\/types\/post"}],"author":[{"embeddable":true,"href":"https:\/\/blog.espol.edu.ec\/jmmolina\/wp-json\/wp\/v2\/users\/10100"}],"replies":[{"embeddable":true,"href":"https:\/\/blog.espol.edu.ec\/jmmolina\/wp-json\/wp\/v2\/comments?post=27"}],"version-history":[{"count":1,"href":"https:\/\/blog.espol.edu.ec\/jmmolina\/wp-json\/wp\/v2\/posts\/27\/revisions"}],"predecessor-version":[{"id":29,"href":"https:\/\/blog.espol.edu.ec\/jmmolina\/wp-json\/wp\/v2\/posts\/27\/revisions\/29"}],"wp:attachment":[{"href":"https:\/\/blog.espol.edu.ec\/jmmolina\/wp-json\/wp\/v2\/media?parent=27"}],"wp:term":[{"taxonomy":"category","embeddable":true,"href":"https:\/\/blog.espol.edu.ec\/jmmolina\/wp-json\/wp\/v2\/categories?post=27"},{"taxonomy":"post_tag","embeddable":true,"href":"https:\/\/blog.espol.edu.ec\/jmmolina\/wp-json\/wp\/v2\/tags?post=27"}],"curies":[{"name":"wp","href":"https:\/\/api.w.org\/{rel}","templated":true}]}}