{"id":58,"date":"2013-11-07T14:02:34","date_gmt":"2013-11-07T14:02:34","guid":{"rendered":"http:\/\/blog.espol.edu.ec\/joalbast\/?p=58"},"modified":"2014-11-11T04:02:33","modified_gmt":"2014-11-11T04:02:33","slug":"primera-acreditacion-de-guardias-privados-de-seguridad-proyecto-gypasec","status":"publish","type":"post","link":"https:\/\/blog.espol.edu.ec\/joalbast\/2013\/11\/07\/primera-acreditacion-de-guardias-privados-de-seguridad-proyecto-gypasec\/","title":{"rendered":"Primera Acreditaci\u00f3n de Guardias Privados de Seguridad (Proyecto Gypasec)"},"content":{"rendered":"<p>El<a title=\"Ministerio\" href=\"http:\/\/www.ministeriointerior.gob.ec\/\" target=\"_blank\"><strong> Ministerio del Interior<\/strong><\/a>, a trav\u00e9s de la Direcci\u00f3n de Gesti\u00f3n de Seguridad Ciudadana,\u00a0 entreg\u00f3 <strong>el dia\u00a0 jueves 7 de noviembre del 2013<\/strong> al Representante Legal de <strong>DELFOR SECURITY C. Ltda<\/strong>., las credenciales de los guardias de seguridad que participaron y aprobaron el curso de <strong><a title=\"Gypasec\" href=\"http:\/\/www.seguridad.gob.ec\/programa-nacional-de-capacitacion-y-certificacion-de-guardias-de-seguridad\/\" target=\"_blank\">Gypasec<\/a><\/strong>, las mismas que certifican que los portadores pueden ejercer su actividad laboral en las empresas de seguridad, avaladas por este importante Ministerio.<\/p>\n<p style=\"text-align: center\"><a href=\"http:\/\/blog.espol.edu.ec\/joalbast\/files\/2014\/11\/Screenshot_4.jpg\"><img loading=\"lazy\" decoding=\"async\" class=\"alignnone size-medium wp-image-59\" src=\"http:\/\/blog.espol.edu.ec\/joalbast\/files\/2014\/11\/Screenshot_4-262x300.jpg\" alt=\"Screenshot_4\" width=\"262\" height=\"300\" srcset=\"https:\/\/blog.espol.edu.ec\/joalbast\/files\/2014\/11\/Screenshot_4-262x300.jpg 262w, https:\/\/blog.espol.edu.ec\/joalbast\/files\/2014\/11\/Screenshot_4.jpg 338w\" sizes=\"auto, (max-width: 262px) 100vw, 262px\" \/><\/a><\/p>\n","protected":false},"excerpt":{"rendered":"<p>El Ministerio del Interior, a trav\u00e9s de la Direcci\u00f3n de Gesti\u00f3n de Seguridad Ciudadana,\u00a0 entreg\u00f3 el dia\u00a0 jueves 7 de noviembre del 2013 al Representante Legal de DELFOR SECURITY C. Ltda., las credenciales de los guardias de seguridad que participaron y aprobaron el curso de Gypasec, las mismas que certifican que los portadores pueden ejercer &hellip; <\/p>\n<p><a class=\"more-link btn\" href=\"https:\/\/blog.espol.edu.ec\/joalbast\/2013\/11\/07\/primera-acreditacion-de-guardias-privados-de-seguridad-proyecto-gypasec\/\">Seguir leyendo<\/a><\/p>\n","protected":false},"author":9403,"featured_media":60,"comment_status":"open","ping_status":"open","sticky":false,"template":"","format":"standard","meta":{"footnotes":""},"categories":[128],"tags":[],"class_list":["post-58","post","type-post","status-publish","format-standard","has-post-thumbnail","hentry","category-noticias","item-wrap"],"_links":{"self":[{"href":"https:\/\/blog.espol.edu.ec\/joalbast\/wp-json\/wp\/v2\/posts\/58","targetHints":{"allow":["GET"]}}],"collection":[{"href":"https:\/\/blog.espol.edu.ec\/joalbast\/wp-json\/wp\/v2\/posts"}],"about":[{"href":"https:\/\/blog.espol.edu.ec\/joalbast\/wp-json\/wp\/v2\/types\/post"}],"author":[{"embeddable":true,"href":"https:\/\/blog.espol.edu.ec\/joalbast\/wp-json\/wp\/v2\/users\/9403"}],"replies":[{"embeddable":true,"href":"https:\/\/blog.espol.edu.ec\/joalbast\/wp-json\/wp\/v2\/comments?post=58"}],"version-history":[{"count":5,"href":"https:\/\/blog.espol.edu.ec\/joalbast\/wp-json\/wp\/v2\/posts\/58\/revisions"}],"predecessor-version":[{"id":113,"href":"https:\/\/blog.espol.edu.ec\/joalbast\/wp-json\/wp\/v2\/posts\/58\/revisions\/113"}],"wp:featuredmedia":[{"embeddable":true,"href":"https:\/\/blog.espol.edu.ec\/joalbast\/wp-json\/wp\/v2\/media\/60"}],"wp:attachment":[{"href":"https:\/\/blog.espol.edu.ec\/joalbast\/wp-json\/wp\/v2\/media?parent=58"}],"wp:term":[{"taxonomy":"category","embeddable":true,"href":"https:\/\/blog.espol.edu.ec\/joalbast\/wp-json\/wp\/v2\/categories?post=58"},{"taxonomy":"post_tag","embeddable":true,"href":"https:\/\/blog.espol.edu.ec\/joalbast\/wp-json\/wp\/v2\/tags?post=58"}],"curies":[{"name":"wp","href":"https:\/\/api.w.org\/{rel}","templated":true}]}}