{"id":67,"date":"2010-09-15T11:57:04","date_gmt":"2010-09-15T16:57:04","guid":{"rendered":"http:\/\/blog.espol.edu.ec\/joancuji\/?p=67"},"modified":"2010-09-15T11:57:53","modified_gmt":"2010-09-15T16:57:53","slug":"inglaterra-conmocionada-por-la-lesion-de-antonio-valencia","status":"publish","type":"post","link":"https:\/\/blog.espol.edu.ec\/joancuji\/2010\/09\/15\/inglaterra-conmocionada-por-la-lesion-de-antonio-valencia\/","title":{"rendered":"Valencia estar\u00e1 cinco meses sin jugar por lesi\u00f3n"},"content":{"rendered":"<p style=\"text-align: left\"><a href=\"http:\/\/blog.espol.edu.ec\/joancuji\/files\/2010\/09\/d706eavalencia619x464p.jpg\"><img loading=\"lazy\" decoding=\"async\" class=\"size-medium wp-image-69 aligncenter\" title=\"d706eavalencia619x464p\" src=\"http:\/\/blog.espol.edu.ec\/joancuji\/files\/2010\/09\/d706eavalencia619x464p-300x225.jpg\" alt=\"\" width=\"300\" height=\"225\" srcset=\"https:\/\/blog.espol.edu.ec\/joancuji\/files\/2010\/09\/d706eavalencia619x464p-300x225.jpg 300w, https:\/\/blog.espol.edu.ec\/joancuji\/files\/2010\/09\/d706eavalencia619x464p.jpg 619w\" sizes=\"auto, (max-width: 300px) 100vw, 300px\" \/><\/a>El futbolista ecuatoriano<strong> Antonio Valencia<\/strong> estar\u00e1 al menos cinco meses sin jugar a causa de la grave lesi\u00f3n        sufrida el martes en la <strong>Liga de Campeones<\/strong> europea, seg\u00fan dijo hoy el        m\u00e9dico de la selecci\u00f3n ecuatoriana, <strong>Patricio Maldonado<\/strong>.<\/p>\n<p style=\"text-align: left\">La <strong>Federaci\u00f3n Ecuatoriana de F\u00fatbol<\/strong> (FEF) lament\u00f3 la lesi\u00f3n        sufrida el martes por el mediocampista del <strong>Manchester United<\/strong> en el        duelo ante el <strong>Glasgow Rangers<\/strong>.                El presidente de la <strong>Federaci\u00f3n<\/strong>,<strong> Luis Chiriboga<\/strong>, se\u00f1al\u00f3 que es la primera lesi\u00f3n grave del jugador calificado por la prensa local como el m\u00e1s importante en la actual selecci\u00f3n de Ecuador.<\/p>\n<p>El m\u00e9dico del equipo nacional, <strong>Patricio Maldonado<\/strong>, se comunic\u00f3 ya con los m\u00e9dicos del jugador en Inglaterra y se\u00f1al\u00f3 que la rehabilitaci\u00f3n le tomar\u00e1 al menos cinco meses. No se descarta que Valencia, de 25 a\u00f1os, retorne a Ecuador durante ese tiempo para que el equipo m\u00e9dico de la FEF se encargue de su rehabilitaci\u00f3n.<\/p>\n<p style=\"text-align: left\">\n<p><img decoding=\"async\" src=\"\/DOCUME%7E1\/cltsmalc\/CONFIG%7E1\/Temp\/moz-screenshot.jpg\" alt=\"\" \/><\/p>\n<p style=\"text-align: center\"><object classid=\"clsid:d27cdb6e-ae6d-11cf-96b8-444553540000\" width=\"480\" height=\"385\"><param name=\"allowFullScreen\" value=\"true\" \/><param name=\"allowscriptaccess\" value=\"always\" \/><param name=\"src\" value=\"http:\/\/www.youtube.com\/v\/-9oy7JyQU9E?fs=1&amp;hl=es_ES\" \/><param name=\"allowfullscreen\" value=\"true\" \/><embed type=\"application\/x-shockwave-flash\" width=\"480\" height=\"385\" src=\"http:\/\/www.youtube.com\/v\/-9oy7JyQU9E?fs=1&amp;hl=es_ES\" allowscriptaccess=\"always\" allowfullscreen=\"true\"><\/embed><\/object><\/p>\n","protected":false},"excerpt":{"rendered":"<p>El futbolista ecuatoriano Antonio Valencia estar\u00e1 al menos cinco meses sin jugar a causa de la grave lesi\u00f3n sufrida el martes en la Liga de Campeones europea, seg\u00fan dijo hoy el m\u00e9dico de la selecci\u00f3n ecuatoriana, Patricio Maldonado. La Federaci\u00f3n Ecuatoriana de F\u00fatbol (FEF) lament\u00f3 la lesi\u00f3n sufrida el martes por el mediocampista del Manchester [&hellip;]<\/p>\n","protected":false},"author":4557,"featured_media":0,"comment_status":"open","ping_status":"open","sticky":false,"template":"","format":"standard","meta":{"footnotes":""},"categories":[1],"tags":[],"class_list":["post-67","post","type-post","status-publish","format-standard","hentry","category-uncategorized"],"_links":{"self":[{"href":"https:\/\/blog.espol.edu.ec\/joancuji\/wp-json\/wp\/v2\/posts\/67","targetHints":{"allow":["GET"]}}],"collection":[{"href":"https:\/\/blog.espol.edu.ec\/joancuji\/wp-json\/wp\/v2\/posts"}],"about":[{"href":"https:\/\/blog.espol.edu.ec\/joancuji\/wp-json\/wp\/v2\/types\/post"}],"author":[{"embeddable":true,"href":"https:\/\/blog.espol.edu.ec\/joancuji\/wp-json\/wp\/v2\/users\/4557"}],"replies":[{"embeddable":true,"href":"https:\/\/blog.espol.edu.ec\/joancuji\/wp-json\/wp\/v2\/comments?post=67"}],"version-history":[{"count":2,"href":"https:\/\/blog.espol.edu.ec\/joancuji\/wp-json\/wp\/v2\/posts\/67\/revisions"}],"predecessor-version":[{"id":71,"href":"https:\/\/blog.espol.edu.ec\/joancuji\/wp-json\/wp\/v2\/posts\/67\/revisions\/71"}],"wp:attachment":[{"href":"https:\/\/blog.espol.edu.ec\/joancuji\/wp-json\/wp\/v2\/media?parent=67"}],"wp:term":[{"taxonomy":"category","embeddable":true,"href":"https:\/\/blog.espol.edu.ec\/joancuji\/wp-json\/wp\/v2\/categories?post=67"},{"taxonomy":"post_tag","embeddable":true,"href":"https:\/\/blog.espol.edu.ec\/joancuji\/wp-json\/wp\/v2\/tags?post=67"}],"curies":[{"name":"wp","href":"https:\/\/api.w.org\/{rel}","templated":true}]}}